{"id":4559,"date":"2024-12-23T10:18:54","date_gmt":"2024-12-23T10:18:54","guid":{"rendered":"https:\/\/pruebavitoria.es\/?p=4559"},"modified":"2024-12-23T10:31:53","modified_gmt":"2024-12-23T10:31:53","slug":"gran-fondo-vitoria-presenta-su-nuevo-recorrido-el-mas-largo-de-euskadi","status":"publish","type":"post","link":"https:\/\/pruebavitoria.es\/eu\/2024\/12\/23\/gran-fondo-vitoria-presenta-su-nuevo-recorrido-el-mas-largo-de-euskadi\/","title":{"rendered":"Gran Fondo Vitoria presenta su nuevo recorrido, el m\u00e1s largo de Euskadi"},"content":{"rendered":"<div data-elementor-type=\"wp-post\" data-elementor-id=\"4559\" class=\"elementor elementor-4559\" data-elementor-settings=\"{&quot;ha_cmc_init_switcher&quot;:&quot;no&quot;}\" data-elementor-post-type=\"post\">\n\t\t\t\t\t\t<section class=\"elementor-section elementor-top-section elementor-element elementor-element-ee53770 elementor-section-full_width elementor-section-height-min-height elementor-section-height-default elementor-section-items-middle\" data-id=\"ee53770\" data-element_type=\"section\" data-e-type=\"section\" data-settings=\"{&quot;background_background&quot;:&quot;classic&quot;,&quot;_ha_eqh_enable&quot;:false}\">\n\t\t\t\t\t\t\t<div class=\"elementor-background-overlay\"><\/div>\n\t\t\t\t\t\t\t<div class=\"elementor-container elementor-column-gap-default\">\n\t\t\t\t\t<div class=\"elementor-column elementor-col-100 elementor-top-column elementor-element elementor-element-d2d29b2\" data-id=\"d2d29b2\" data-element_type=\"column\" data-e-type=\"column\">\n\t\t\t<div class=\"elementor-widget-wrap elementor-element-populated\">\n\t\t\t\t\t\t<div class=\"elementor-element elementor-element-316a5d5 elementor-widget elementor-widget-heading\" data-id=\"316a5d5\" data-element_type=\"widget\" data-e-type=\"widget\" data-widget_type=\"heading.default\">\n\t\t\t\t<div class=\"elementor-widget-container\">\n\t\t\t\t\t<h2 class=\"elementor-heading-title elementor-size-default\">Gran Fondo Vitoria presenta su nuevo recorrido, el m\u00e1s largo de Euskadi<\/h2>\t\t\t\t<\/div>\n\t\t\t\t<\/div>\n\t\t\t\t\t<\/div>\n\t\t<\/div>\n\t\t\t\t\t<\/div>\n\t\t<\/section>\n\t\t\t\t<section class=\"elementor-section elementor-top-section elementor-element elementor-element-d8daf40 elementor-section-boxed elementor-section-height-default elementor-section-height-default\" data-id=\"d8daf40\" data-element_type=\"section\" data-e-type=\"section\" data-settings=\"{&quot;_ha_eqh_enable&quot;:false}\">\n\t\t\t\t\t\t<div class=\"elementor-container elementor-column-gap-default\">\n\t\t\t\t\t<div class=\"elementor-column elementor-col-100 elementor-top-column elementor-element elementor-element-ff6caab\" data-id=\"ff6caab\" data-element_type=\"column\" data-e-type=\"column\">\n\t\t\t<div class=\"elementor-widget-wrap elementor-element-populated\">\n\t\t\t\t\t\t<div class=\"elementor-element elementor-element-c3be6b6 elementor-widget elementor-widget-text-editor\" data-id=\"c3be6b6\" data-element_type=\"widget\" data-e-type=\"widget\" data-widget_type=\"text-editor.default\">\n\t\t\t\t<div class=\"elementor-widget-container\">\n\t\t\t\t\t\t\t\t\t<ul type=\"disc\"><li class=\"MsoNormal\" style=\"mso-margin-top-alt: auto; mso-margin-bottom-alt: auto; mso-list: l0 level1 lfo1; tab-stops: list 36.0pt;\"><p><em>La prueba cicloturista, pedalear\u00e1 por el territorio alav\u00e9s, en dos recorridos de 100k y uno nuevo de 207km.<\/em><\/p><\/li><\/ul>\t\t\t\t\t\t\t\t<\/div>\n\t\t\t\t<\/div>\n\t\t\t\t\t<\/div>\n\t\t<\/div>\n\t\t\t\t\t<\/div>\n\t\t<\/section>\n\t\t\t\t<section class=\"elementor-section elementor-top-section elementor-element elementor-element-a985f4a elementor-section-boxed elementor-section-height-default elementor-section-height-default\" data-id=\"a985f4a\" data-element_type=\"section\" data-e-type=\"section\" data-settings=\"{&quot;_ha_eqh_enable&quot;:false}\">\n\t\t\t\t\t\t<div class=\"elementor-container elementor-column-gap-default\">\n\t\t\t\t\t<div class=\"elementor-column elementor-col-100 elementor-top-column elementor-element elementor-element-2fe4382\" data-id=\"2fe4382\" data-element_type=\"column\" data-e-type=\"column\">\n\t\t\t<div class=\"elementor-widget-wrap elementor-element-populated\">\n\t\t\t\t\t\t<div class=\"elementor-element elementor-element-534fb6c elementor-widget elementor-widget-text-editor\" data-id=\"534fb6c\" data-element_type=\"widget\" data-e-type=\"widget\" data-widget_type=\"text-editor.default\">\n\t\t\t\t<div class=\"elementor-widget-container\">\n\t\t\t\t\t\t\t\t\t<p><strong>Vitoria-Gasteiz, 23 de diciembre de 2024.<\/strong> Ya est\u00e1n abiertas las inscripciones para la 43\u00aa edici\u00f3n de Gran Fondo Vitoria, la cita cicloturista por excelencia en Euskadi y anteriormente conocida como Prueba Vitoria. Organizada por <strong>Ascentium<\/strong> junto con la <strong>Sociedad Ciclista Vitoriana<\/strong>, y contando con la colaboraci\u00f3n principal de <strong>Fundaci\u00f3n Vita<\/strong>l <strong>Fundazioa<\/strong>, este a\u00f1o la prueba presenta una emocionante novedad: un recorrido de 207 kil\u00f3metros que sustituye al anterior de 180 km. Esta distancia no solo se acerca al esp\u00edritu original de la prueba, que en sus inicios contaba con 245 km, sino que tambi\u00e9n convierte a Gran Fondo Vitoria en <strong>la cicloturista con el recorrido m\u00e1s largo de Euskadi<\/strong> y uno de los m\u00e1s largos de la pen\u00ednsula.<\/p><p><strong>DOS RECORRIDOS PARA TODOS LOS NIVELES<\/strong><\/p><p>Gran Fondo Vitoria ofrecer\u00e1 dos recorridos espectaculares que atraviesan el territorio alav\u00e9s:<\/p><p><strong>Gran Fondo de 207 km<\/strong>: Dise\u00f1ado para ciclistas con experiencia en gran fondo. Este trazado incluye un desnivel positivo de 3.250 metros y lleva a los\/las participantes por paisajes emblem\u00e1ticos de \u00c1lava.<\/p><p><strong>Medio Fondo de 100 km<\/strong>: Una opci\u00f3n m\u00e1s accesible, con un desnivel positivo de 1.150 metros, ideal para quienes buscan disfrutar del ciclismo en un entorno inigualable.<\/p><p><strong>UN EVENTO QUE HACE HISTORIA<\/strong><\/p><p>Gran Fondo Vitoria, no es solo un desaf\u00edo deportivo, sino tambi\u00e9n una jornada de ciclismo que tras 43 ediciones mantiene la ilusi\u00f3n del ciclista tradicional, atrayendo cada a\u00f1o a m\u00e1s participantes a nivel nacional.<\/p><p>Hugo Garriga, presidente de la Sociedad Ciclista Vitoriana, destaca la importancia de este cambio: \u201cRecuperar una distancia cercana al recorrido original de 245 km reafirma el compromiso de Gran Fondo Vitoria con sus ra\u00edces y con los valores del ciclismo. Queremos que los participantes vivan una experiencia \u00fanica, que combine deporte, naturaleza y tradici\u00f3n.\u201d<br \/>Los\/las participantes disfrutar\u00e1n de servicios de primera calidad, como avituallamientos completos, un maillot exclusivo y un ambiente acogedor que refleja el esp\u00edritu de la comunidad ciclista.<\/p><p><strong>INSCRIPCIONES YA DISPONIBLES<\/strong><\/p><p>Las inscripciones para ambas distancias est\u00e1n abiertas en la p\u00e1gina oficial del evento, <a href=\"https:\/\/pruebavitoria.es\/eu\/\">www.pruebavitoria.es<\/a>. Se recomienda a los\/las interesados asegurar su plaza cuanto antes, ya que los dorsales se han agotado en las 2 \u00faltimas ediciones.<\/p>\t\t\t\t\t\t\t\t<\/div>\n\t\t\t\t<\/div>\n\t\t\t\t\t<\/div>\n\t\t<\/div>\n\t\t\t\t\t<\/div>\n\t\t<\/section>\n\t\t\t\t<section class=\"elementor-section elementor-top-section elementor-element elementor-element-403dbde elementor-section-boxed elementor-section-height-default elementor-section-height-default\" data-id=\"403dbde\" data-element_type=\"section\" data-e-type=\"section\" data-settings=\"{&quot;_ha_eqh_enable&quot;:false}\">\n\t\t\t\t\t\t<div class=\"elementor-container elementor-column-gap-default\">\n\t\t\t\t\t<div class=\"elementor-column elementor-col-100 elementor-top-column elementor-element elementor-element-506f717\" data-id=\"506f717\" data-element_type=\"column\" data-e-type=\"column\">\n\t\t\t<div class=\"elementor-widget-wrap elementor-element-populated\">\n\t\t\t\t\t\t<div class=\"elementor-element elementor-element-00c87bf elementor-align-center elementor-widget elementor-widget-button\" data-id=\"00c87bf\" data-element_type=\"widget\" data-e-type=\"widget\" data-widget_type=\"button.default\">\n\t\t\t\t<div class=\"elementor-widget-container\">\n\t\t\t\t\t\t\t\t\t<div class=\"elementor-button-wrapper\">\n\t\t\t\t\t<a class=\"elementor-button elementor-button-link elementor-size-sm\" href=\"https:\/\/pruebavitoria.es\/eu\/ultimas-noticias\/\">\n\t\t\t\t\t\t<span class=\"elementor-button-content-wrapper\">\n\t\t\t\t\t\t\t\t\t<span class=\"elementor-button-text\">+ NOTICIAS<\/span>\n\t\t\t\t\t<\/span>\n\t\t\t\t\t<\/a>\n\t\t\t\t<\/div>\n\t\t\t\t\t\t\t\t<\/div>\n\t\t\t\t<\/div>\n\t\t\t\t\t<\/div>\n\t\t<\/div>\n\t\t\t\t\t<\/div>\n\t\t<\/section>\n\t\t\t\t<\/div>","protected":false},"excerpt":{"rendered":"<p>Abren inscripciones para la 43\u00aa edici\u00f3n de Gran Fondo Vitoria, organizada por Ascentium y la Sociedad Ciclista Vitoriana con el apoyo de Fundaci\u00f3n Vital Fundazioa. Este a\u00f1o destaca un nuevo recorrido de 207 km, que reemplaza al anterior de 180 km, consolid\u00e1ndola como la cicloturista m\u00e1s larga de Euskadi y una de las m\u00e1s extensas de la pen\u00ednsula, retomando el esp\u00edritu original de la prueba.<\/p>","protected":false},"author":1,"featured_media":4089,"comment_status":"closed","ping_status":"closed","sticky":false,"template":"elementor_header_footer","format":"standard","meta":{"site-sidebar-layout":"default","site-content-layout":"","ast-site-content-layout":"default","site-content-style":"default","site-sidebar-style":"default","ast-global-header-display":"","ast-banner-title-visibility":"","ast-main-header-display":"","ast-hfb-above-header-display":"","ast-hfb-below-header-display":"","ast-hfb-mobile-header-display":"","site-post-title":"","ast-breadcrumbs-content":"","ast-featured-img":"disabled","footer-sml-layout":"","ast-disable-related-posts":"","theme-transparent-header-meta":"","adv-header-id-meta":"","stick-header-meta":"","header-above-stick-meta":"","header-main-stick-meta":"","header-below-stick-meta":"","astra-migrate-meta-layouts":"set","ast-page-background-enabled":"default","ast-page-background-meta":{"desktop":{"background-color":"var(--ast-global-color-4)","background-image":"","background-repeat":"repeat","background-position":"center center","background-size":"auto","background-attachment":"scroll","background-type":"","background-media":"","overlay-type":"","overlay-color":"","overlay-opacity":"","overlay-gradient":""},"tablet":{"background-color":"","background-image":"","background-repeat":"repeat","background-position":"center center","background-size":"auto","background-attachment":"scroll","background-type":"","background-media":"","overlay-type":"","overlay-color":"","overlay-opacity":"","overlay-gradient":""},"mobile":{"background-color":"","background-image":"","background-repeat":"repeat","background-position":"center center","background-size":"auto","background-attachment":"scroll","background-type":"","background-media":"","overlay-type":"","overlay-color":"","overlay-opacity":"","overlay-gradient":""}},"ast-content-background-meta":{"desktop":{"background-color":"var(--ast-global-color-5)","background-image":"","background-repeat":"repeat","background-position":"center center","background-size":"auto","background-attachment":"scroll","background-type":"","background-media":"","overlay-type":"","overlay-color":"","overlay-opacity":"","overlay-gradient":""},"tablet":{"background-color":"var(--ast-global-color-5)","background-image":"","background-repeat":"repeat","background-position":"center center","background-size":"auto","background-attachment":"scroll","background-type":"","background-media":"","overlay-type":"","overlay-color":"","overlay-opacity":"","overlay-gradient":""},"mobile":{"background-color":"var(--ast-global-color-5)","background-image":"","background-repeat":"repeat","background-position":"center center","background-size":"auto","background-attachment":"scroll","background-type":"","background-media":"","overlay-type":"","overlay-color":"","overlay-opacity":"","overlay-gradient":""}},"footnotes":""},"categories":[1],"tags":[12,10,9],"class_list":["post-4559","post","type-post","status-publish","format-standard","has-post-thumbnail","hentry","category-sin-categoria","tag-ciclista","tag-gran-fondo","tag-vitoria"],"yoast_head":"<!-- This site is optimized with the Yoast SEO plugin v26.6 - https:\/\/yoast.com\/wordpress\/plugins\/seo\/ -->\n<title>Gran Fondo Vitoria presenta su nuevo recorrido, el m\u00e1s largo de Euskadi - Prueba Vitoria GRAN FONDO 2025<\/title>\n<meta name=\"description\" content=\"Inscripciones abiertas para el evento de ciclismo Prueba Cicloturista Vitoria 2023. Uno de los eventos del a\u00f1o en \u00c1lava y Euskadi.\" \/>\n<meta name=\"robots\" content=\"index, follow, max-snippet:-1, max-image-preview:large, max-video-preview:-1\" \/>\n<link rel=\"canonical\" href=\"https:\/\/pruebavitoria.es\/eu\/2024\/12\/23\/gran-fondo-vitoria-presenta-su-nuevo-recorrido-el-mas-largo-de-euskadi\/\" \/>\n<meta property=\"og:locale\" content=\"en_US\" \/>\n<meta property=\"og:type\" content=\"article\" \/>\n<meta property=\"og:title\" content=\"Gran Fondo Vitoria presenta su nuevo recorrido, el m\u00e1s largo de Euskadi - Prueba Vitoria GRAN FONDO 2025\" \/>\n<meta property=\"og:description\" content=\"Inscripciones abiertas para el evento de ciclismo Prueba Cicloturista Vitoria 2023. Uno de los eventos del a\u00f1o en \u00c1lava y Euskadi.\" \/>\n<meta property=\"og:url\" content=\"https:\/\/pruebavitoria.es\/eu\/2024\/12\/23\/gran-fondo-vitoria-presenta-su-nuevo-recorrido-el-mas-largo-de-euskadi\/\" \/>\n<meta property=\"og:site_name\" content=\"Prueba Vitoria GRAN FONDO 2025\" \/>\n<meta property=\"article:publisher\" content=\"https:\/\/www.facebook.com\/pruebaciclistavitoria\/?_rdr\" \/>\n<meta property=\"article:published_time\" content=\"2024-12-23T10:18:54+00:00\" \/>\n<meta property=\"article:modified_time\" content=\"2024-12-23T10:31:53+00:00\" \/>\n<meta property=\"og:image\" content=\"https:\/\/pruebavitoria.es\/wp-content\/uploads\/2024\/11\/bc337ee3-eca7-44de-a0a2-cc448033ad3b-scaled.jpg\" \/>\n\t<meta property=\"og:image:width\" content=\"2560\" \/>\n\t<meta property=\"og:image:height\" content=\"1707\" \/>\n\t<meta property=\"og:image:type\" content=\"image\/jpeg\" \/>\n<meta name=\"author\" content=\"vitoria\" \/>\n<meta name=\"twitter:card\" content=\"summary_large_image\" \/>\n<meta name=\"twitter:label1\" content=\"Written by\" \/>\n\t<meta name=\"twitter:data1\" content=\"vitoria\" \/>\n\t<meta name=\"twitter:label2\" content=\"Est. reading time\" \/>\n\t<meta name=\"twitter:data2\" content=\"2 minutua\" \/>\n<script type=\"application\/ld+json\" class=\"yoast-schema-graph\">{\"@context\":\"https:\/\/schema.org\",\"@graph\":[{\"@type\":\"Article\",\"@id\":\"https:\/\/pruebavitoria.es\/2024\/12\/23\/gran-fondo-vitoria-presenta-su-nuevo-recorrido-el-mas-largo-de-euskadi\/#article\",\"isPartOf\":{\"@id\":\"https:\/\/pruebavitoria.es\/2024\/12\/23\/gran-fondo-vitoria-presenta-su-nuevo-recorrido-el-mas-largo-de-euskadi\/\"},\"author\":{\"name\":\"vitoria\",\"@id\":\"https:\/\/pruebavitoria.es\/#\/schema\/person\/a520031cf45ebb69c7b4af71f46dbc5f\"},\"headline\":\"Gran Fondo Vitoria presenta su nuevo recorrido, el m\u00e1s largo de Euskadi\",\"datePublished\":\"2024-12-23T10:18:54+00:00\",\"dateModified\":\"2024-12-23T10:31:53+00:00\",\"mainEntityOfPage\":{\"@id\":\"https:\/\/pruebavitoria.es\/2024\/12\/23\/gran-fondo-vitoria-presenta-su-nuevo-recorrido-el-mas-largo-de-euskadi\/\"},\"wordCount\":418,\"publisher\":{\"@id\":\"https:\/\/pruebavitoria.es\/#organization\"},\"image\":{\"@id\":\"https:\/\/pruebavitoria.es\/2024\/12\/23\/gran-fondo-vitoria-presenta-su-nuevo-recorrido-el-mas-largo-de-euskadi\/#primaryimage\"},\"thumbnailUrl\":\"https:\/\/pruebavitoria.es\/wp-content\/uploads\/2024\/11\/bc337ee3-eca7-44de-a0a2-cc448033ad3b-scaled.jpg\",\"keywords\":[\"ciclista\",\"gran fondo\",\"vitoria\"],\"articleSection\":[\"Sin categor\u00eda\"],\"inLanguage\":\"eu\"},{\"@type\":\"WebPage\",\"@id\":\"https:\/\/pruebavitoria.es\/2024\/12\/23\/gran-fondo-vitoria-presenta-su-nuevo-recorrido-el-mas-largo-de-euskadi\/\",\"url\":\"https:\/\/pruebavitoria.es\/2024\/12\/23\/gran-fondo-vitoria-presenta-su-nuevo-recorrido-el-mas-largo-de-euskadi\/\",\"name\":\"Gran Fondo Vitoria presenta su nuevo recorrido, el m\u00e1s largo de Euskadi - Prueba Vitoria GRAN FONDO 2025\",\"isPartOf\":{\"@id\":\"https:\/\/pruebavitoria.es\/#website\"},\"primaryImageOfPage\":{\"@id\":\"https:\/\/pruebavitoria.es\/2024\/12\/23\/gran-fondo-vitoria-presenta-su-nuevo-recorrido-el-mas-largo-de-euskadi\/#primaryimage\"},\"image\":{\"@id\":\"https:\/\/pruebavitoria.es\/2024\/12\/23\/gran-fondo-vitoria-presenta-su-nuevo-recorrido-el-mas-largo-de-euskadi\/#primaryimage\"},\"thumbnailUrl\":\"https:\/\/pruebavitoria.es\/wp-content\/uploads\/2024\/11\/bc337ee3-eca7-44de-a0a2-cc448033ad3b-scaled.jpg\",\"datePublished\":\"2024-12-23T10:18:54+00:00\",\"dateModified\":\"2024-12-23T10:31:53+00:00\",\"description\":\"Inscripciones abiertas para el evento de ciclismo Prueba Cicloturista Vitoria 2023. Uno de los eventos del a\u00f1o en \u00c1lava y Euskadi.\",\"breadcrumb\":{\"@id\":\"https:\/\/pruebavitoria.es\/2024\/12\/23\/gran-fondo-vitoria-presenta-su-nuevo-recorrido-el-mas-largo-de-euskadi\/#breadcrumb\"},\"inLanguage\":\"eu\",\"potentialAction\":[{\"@type\":\"ReadAction\",\"target\":[\"https:\/\/pruebavitoria.es\/2024\/12\/23\/gran-fondo-vitoria-presenta-su-nuevo-recorrido-el-mas-largo-de-euskadi\/\"]}]},{\"@type\":\"ImageObject\",\"inLanguage\":\"eu\",\"@id\":\"https:\/\/pruebavitoria.es\/2024\/12\/23\/gran-fondo-vitoria-presenta-su-nuevo-recorrido-el-mas-largo-de-euskadi\/#primaryimage\",\"url\":\"https:\/\/pruebavitoria.es\/wp-content\/uploads\/2024\/11\/bc337ee3-eca7-44de-a0a2-cc448033ad3b-scaled.jpg\",\"contentUrl\":\"https:\/\/pruebavitoria.es\/wp-content\/uploads\/2024\/11\/bc337ee3-eca7-44de-a0a2-cc448033ad3b-scaled.jpg\",\"width\":2560,\"height\":1707},{\"@type\":\"BreadcrumbList\",\"@id\":\"https:\/\/pruebavitoria.es\/2024\/12\/23\/gran-fondo-vitoria-presenta-su-nuevo-recorrido-el-mas-largo-de-euskadi\/#breadcrumb\",\"itemListElement\":[{\"@type\":\"ListItem\",\"position\":1,\"name\":\"Portada\",\"item\":\"https:\/\/pruebavitoria.es\/\"},{\"@type\":\"ListItem\",\"position\":2,\"name\":\"Gran Fondo Vitoria presenta su nuevo recorrido, el m\u00e1s largo de Euskadi\"}]},{\"@type\":\"WebSite\",\"@id\":\"https:\/\/pruebavitoria.es\/#website\",\"url\":\"https:\/\/pruebavitoria.es\/\",\"name\":\"PRUEBA VITORIA GRAN FONDO\",\"description\":\"21 Junio 2025\",\"publisher\":{\"@id\":\"https:\/\/pruebavitoria.es\/#organization\"},\"potentialAction\":[{\"@type\":\"SearchAction\",\"target\":{\"@type\":\"EntryPoint\",\"urlTemplate\":\"https:\/\/pruebavitoria.es\/?s={search_term_string}\"},\"query-input\":{\"@type\":\"PropertyValueSpecification\",\"valueRequired\":true,\"valueName\":\"search_term_string\"}}],\"inLanguage\":\"eu\"},{\"@type\":\"Organization\",\"@id\":\"https:\/\/pruebavitoria.es\/#organization\",\"name\":\"PRUEBA VITORIA GRAN FONDO\",\"url\":\"https:\/\/pruebavitoria.es\/\",\"logo\":{\"@type\":\"ImageObject\",\"inLanguage\":\"eu\",\"@id\":\"https:\/\/pruebavitoria.es\/#\/schema\/logo\/image\/\",\"url\":\"https:\/\/pruebavitoria.es\/wp-content\/uploads\/2022\/01\/cropped-cropped-LOGO-GRAN-FONDO-9.png\",\"contentUrl\":\"https:\/\/pruebavitoria.es\/wp-content\/uploads\/2022\/01\/cropped-cropped-LOGO-GRAN-FONDO-9.png\",\"width\":512,\"height\":512,\"caption\":\"PRUEBA VITORIA GRAN FONDO\"},\"image\":{\"@id\":\"https:\/\/pruebavitoria.es\/#\/schema\/logo\/image\/\"},\"sameAs\":[\"https:\/\/www.facebook.com\/pruebaciclistavitoria\/?_rdr\",\"https:\/\/www.instagram.com\/pruebaciclistavitoria\/?hl=es\"]},{\"@type\":\"Person\",\"@id\":\"https:\/\/pruebavitoria.es\/#\/schema\/person\/a520031cf45ebb69c7b4af71f46dbc5f\",\"name\":\"vitoria\",\"image\":{\"@type\":\"ImageObject\",\"inLanguage\":\"eu\",\"@id\":\"https:\/\/pruebavitoria.es\/#\/schema\/person\/image\/\",\"url\":\"https:\/\/secure.gravatar.com\/avatar\/d8182c164753d9f3762b194b27a9ed7a7a0981ff375795d0a06f19249086055a?s=96&d=mm&r=g\",\"contentUrl\":\"https:\/\/secure.gravatar.com\/avatar\/d8182c164753d9f3762b194b27a9ed7a7a0981ff375795d0a06f19249086055a?s=96&d=mm&r=g\",\"caption\":\"vitoria\"},\"sameAs\":[\"http:\/\/new.pruebavitoria.es\"],\"url\":\"https:\/\/pruebavitoria.es\/eu\/author\/vitoria\/\"}]}<\/script>\n<!-- \/ Yoast SEO plugin. -->","yoast_head_json":{"title":"Gran Fondo Vitoria presenta su nuevo recorrido, el m\u00e1s largo de Euskadi - Prueba Vitoria GRAN FONDO 2025","description":"Inscripciones abiertas para el evento de ciclismo Prueba Cicloturista Vitoria 2023. Uno de los eventos del a\u00f1o en \u00c1lava y Euskadi.","robots":{"index":"index","follow":"follow","max-snippet":"max-snippet:-1","max-image-preview":"max-image-preview:large","max-video-preview":"max-video-preview:-1"},"canonical":"https:\/\/pruebavitoria.es\/eu\/2024\/12\/23\/gran-fondo-vitoria-presenta-su-nuevo-recorrido-el-mas-largo-de-euskadi\/","og_locale":"en_US","og_type":"article","og_title":"Gran Fondo Vitoria presenta su nuevo recorrido, el m\u00e1s largo de Euskadi - Prueba Vitoria GRAN FONDO 2025","og_description":"Inscripciones abiertas para el evento de ciclismo Prueba Cicloturista Vitoria 2023. Uno de los eventos del a\u00f1o en \u00c1lava y Euskadi.","og_url":"https:\/\/pruebavitoria.es\/eu\/2024\/12\/23\/gran-fondo-vitoria-presenta-su-nuevo-recorrido-el-mas-largo-de-euskadi\/","og_site_name":"Prueba Vitoria GRAN FONDO 2025","article_publisher":"https:\/\/www.facebook.com\/pruebaciclistavitoria\/?_rdr","article_published_time":"2024-12-23T10:18:54+00:00","article_modified_time":"2024-12-23T10:31:53+00:00","og_image":[{"width":2560,"height":1707,"url":"https:\/\/pruebavitoria.es\/wp-content\/uploads\/2024\/11\/bc337ee3-eca7-44de-a0a2-cc448033ad3b-scaled.jpg","type":"image\/jpeg"}],"author":"vitoria","twitter_card":"summary_large_image","twitter_misc":{"Written by":"vitoria","Est. reading time":"2 minutua"},"schema":{"@context":"https:\/\/schema.org","@graph":[{"@type":"Article","@id":"https:\/\/pruebavitoria.es\/2024\/12\/23\/gran-fondo-vitoria-presenta-su-nuevo-recorrido-el-mas-largo-de-euskadi\/#article","isPartOf":{"@id":"https:\/\/pruebavitoria.es\/2024\/12\/23\/gran-fondo-vitoria-presenta-su-nuevo-recorrido-el-mas-largo-de-euskadi\/"},"author":{"name":"vitoria","@id":"https:\/\/pruebavitoria.es\/#\/schema\/person\/a520031cf45ebb69c7b4af71f46dbc5f"},"headline":"Gran Fondo Vitoria presenta su nuevo recorrido, el m\u00e1s largo de Euskadi","datePublished":"2024-12-23T10:18:54+00:00","dateModified":"2024-12-23T10:31:53+00:00","mainEntityOfPage":{"@id":"https:\/\/pruebavitoria.es\/2024\/12\/23\/gran-fondo-vitoria-presenta-su-nuevo-recorrido-el-mas-largo-de-euskadi\/"},"wordCount":418,"publisher":{"@id":"https:\/\/pruebavitoria.es\/#organization"},"image":{"@id":"https:\/\/pruebavitoria.es\/2024\/12\/23\/gran-fondo-vitoria-presenta-su-nuevo-recorrido-el-mas-largo-de-euskadi\/#primaryimage"},"thumbnailUrl":"https:\/\/pruebavitoria.es\/wp-content\/uploads\/2024\/11\/bc337ee3-eca7-44de-a0a2-cc448033ad3b-scaled.jpg","keywords":["ciclista","gran fondo","vitoria"],"articleSection":["Sin categor\u00eda"],"inLanguage":"eu"},{"@type":"WebPage","@id":"https:\/\/pruebavitoria.es\/2024\/12\/23\/gran-fondo-vitoria-presenta-su-nuevo-recorrido-el-mas-largo-de-euskadi\/","url":"https:\/\/pruebavitoria.es\/2024\/12\/23\/gran-fondo-vitoria-presenta-su-nuevo-recorrido-el-mas-largo-de-euskadi\/","name":"Gran Fondo Vitoria presenta su nuevo recorrido, el m\u00e1s largo de Euskadi - Prueba Vitoria GRAN FONDO 2025","isPartOf":{"@id":"https:\/\/pruebavitoria.es\/#website"},"primaryImageOfPage":{"@id":"https:\/\/pruebavitoria.es\/2024\/12\/23\/gran-fondo-vitoria-presenta-su-nuevo-recorrido-el-mas-largo-de-euskadi\/#primaryimage"},"image":{"@id":"https:\/\/pruebavitoria.es\/2024\/12\/23\/gran-fondo-vitoria-presenta-su-nuevo-recorrido-el-mas-largo-de-euskadi\/#primaryimage"},"thumbnailUrl":"https:\/\/pruebavitoria.es\/wp-content\/uploads\/2024\/11\/bc337ee3-eca7-44de-a0a2-cc448033ad3b-scaled.jpg","datePublished":"2024-12-23T10:18:54+00:00","dateModified":"2024-12-23T10:31:53+00:00","description":"Inscripciones abiertas para el evento de ciclismo Prueba Cicloturista Vitoria 2023. Uno de los eventos del a\u00f1o en \u00c1lava y Euskadi.","breadcrumb":{"@id":"https:\/\/pruebavitoria.es\/2024\/12\/23\/gran-fondo-vitoria-presenta-su-nuevo-recorrido-el-mas-largo-de-euskadi\/#breadcrumb"},"inLanguage":"eu","potentialAction":[{"@type":"ReadAction","target":["https:\/\/pruebavitoria.es\/2024\/12\/23\/gran-fondo-vitoria-presenta-su-nuevo-recorrido-el-mas-largo-de-euskadi\/"]}]},{"@type":"ImageObject","inLanguage":"eu","@id":"https:\/\/pruebavitoria.es\/2024\/12\/23\/gran-fondo-vitoria-presenta-su-nuevo-recorrido-el-mas-largo-de-euskadi\/#primaryimage","url":"https:\/\/pruebavitoria.es\/wp-content\/uploads\/2024\/11\/bc337ee3-eca7-44de-a0a2-cc448033ad3b-scaled.jpg","contentUrl":"https:\/\/pruebavitoria.es\/wp-content\/uploads\/2024\/11\/bc337ee3-eca7-44de-a0a2-cc448033ad3b-scaled.jpg","width":2560,"height":1707},{"@type":"BreadcrumbList","@id":"https:\/\/pruebavitoria.es\/2024\/12\/23\/gran-fondo-vitoria-presenta-su-nuevo-recorrido-el-mas-largo-de-euskadi\/#breadcrumb","itemListElement":[{"@type":"ListItem","position":1,"name":"Portada","item":"https:\/\/pruebavitoria.es\/"},{"@type":"ListItem","position":2,"name":"Gran Fondo Vitoria presenta su nuevo recorrido, el m\u00e1s largo de Euskadi"}]},{"@type":"WebSite","@id":"https:\/\/pruebavitoria.es\/#website","url":"https:\/\/pruebavitoria.es\/","name":"PRUEBA VITORIA GRAN FONDO","description":"21 Junio 2025","publisher":{"@id":"https:\/\/pruebavitoria.es\/#organization"},"potentialAction":[{"@type":"SearchAction","target":{"@type":"EntryPoint","urlTemplate":"https:\/\/pruebavitoria.es\/?s={search_term_string}"},"query-input":{"@type":"PropertyValueSpecification","valueRequired":true,"valueName":"search_term_string"}}],"inLanguage":"eu"},{"@type":"Organization","@id":"https:\/\/pruebavitoria.es\/#organization","name":"PRUEBA VITORIA GRAN FONDO","url":"https:\/\/pruebavitoria.es\/","logo":{"@type":"ImageObject","inLanguage":"eu","@id":"https:\/\/pruebavitoria.es\/#\/schema\/logo\/image\/","url":"https:\/\/pruebavitoria.es\/wp-content\/uploads\/2022\/01\/cropped-cropped-LOGO-GRAN-FONDO-9.png","contentUrl":"https:\/\/pruebavitoria.es\/wp-content\/uploads\/2022\/01\/cropped-cropped-LOGO-GRAN-FONDO-9.png","width":512,"height":512,"caption":"PRUEBA VITORIA GRAN FONDO"},"image":{"@id":"https:\/\/pruebavitoria.es\/#\/schema\/logo\/image\/"},"sameAs":["https:\/\/www.facebook.com\/pruebaciclistavitoria\/?_rdr","https:\/\/www.instagram.com\/pruebaciclistavitoria\/?hl=es"]},{"@type":"Person","@id":"https:\/\/pruebavitoria.es\/#\/schema\/person\/a520031cf45ebb69c7b4af71f46dbc5f","name":"vitoria","image":{"@type":"ImageObject","inLanguage":"eu","@id":"https:\/\/pruebavitoria.es\/#\/schema\/person\/image\/","url":"https:\/\/secure.gravatar.com\/avatar\/d8182c164753d9f3762b194b27a9ed7a7a0981ff375795d0a06f19249086055a?s=96&d=mm&r=g","contentUrl":"https:\/\/secure.gravatar.com\/avatar\/d8182c164753d9f3762b194b27a9ed7a7a0981ff375795d0a06f19249086055a?s=96&d=mm&r=g","caption":"vitoria"},"sameAs":["http:\/\/new.pruebavitoria.es"],"url":"https:\/\/pruebavitoria.es\/eu\/author\/vitoria\/"}]}},"_links":{"self":[{"href":"https:\/\/pruebavitoria.es\/eu\/wp-json\/wp\/v2\/posts\/4559","targetHints":{"allow":["GET"]}}],"collection":[{"href":"https:\/\/pruebavitoria.es\/eu\/wp-json\/wp\/v2\/posts"}],"about":[{"href":"https:\/\/pruebavitoria.es\/eu\/wp-json\/wp\/v2\/types\/post"}],"author":[{"embeddable":true,"href":"https:\/\/pruebavitoria.es\/eu\/wp-json\/wp\/v2\/users\/1"}],"replies":[{"embeddable":true,"href":"https:\/\/pruebavitoria.es\/eu\/wp-json\/wp\/v2\/comments?post=4559"}],"version-history":[{"count":9,"href":"https:\/\/pruebavitoria.es\/eu\/wp-json\/wp\/v2\/posts\/4559\/revisions"}],"predecessor-version":[{"id":4568,"href":"https:\/\/pruebavitoria.es\/eu\/wp-json\/wp\/v2\/posts\/4559\/revisions\/4568"}],"wp:featuredmedia":[{"embeddable":true,"href":"https:\/\/pruebavitoria.es\/eu\/wp-json\/wp\/v2\/media\/4089"}],"wp:attachment":[{"href":"https:\/\/pruebavitoria.es\/eu\/wp-json\/wp\/v2\/media?parent=4559"}],"wp:term":[{"taxonomy":"category","embeddable":true,"href":"https:\/\/pruebavitoria.es\/eu\/wp-json\/wp\/v2\/categories?post=4559"},{"taxonomy":"post_tag","embeddable":true,"href":"https:\/\/pruebavitoria.es\/eu\/wp-json\/wp\/v2\/tags?post=4559"}],"curies":[{"name":"wp","href":"https:\/\/api.w.org\/{rel}","templated":true}]}}