{"id":3165,"date":"2023-06-28T14:39:27","date_gmt":"2023-06-28T14:39:27","guid":{"rendered":"https:\/\/pruebavitoria.es\/?p=3165"},"modified":"2023-06-28T14:48:05","modified_gmt":"2023-06-28T14:48:05","slug":"sold-out-y-record-de-participacion-en-prueba-vitoria-cloned-3149","status":"publish","type":"post","link":"https:\/\/pruebavitoria.es\/eu\/2023\/06\/28\/sold-out-y-record-de-participacion-en-prueba-vitoria-cloned-3149\/","title":{"rendered":"Prueba Vitoria y Grand D\u00e9part Pays Basque se dan la mano para inundar de amarillo las carreteras de \u00c1lava"},"content":{"rendered":"<div data-elementor-type=\"wp-post\" data-elementor-id=\"3165\" class=\"elementor elementor-3165\" data-elementor-settings=\"{&quot;ha_cmc_init_switcher&quot;:&quot;no&quot;}\" data-elementor-post-type=\"post\">\n\t\t\t\t\t\t<section class=\"elementor-section elementor-top-section elementor-element elementor-element-d8daf40 elementor-section-boxed elementor-section-height-default elementor-section-height-default\" data-id=\"d8daf40\" data-element_type=\"section\" data-e-type=\"section\" data-settings=\"{&quot;_ha_eqh_enable&quot;:false}\">\n\t\t\t\t\t\t<div class=\"elementor-container elementor-column-gap-default\">\n\t\t\t\t\t<div class=\"elementor-column elementor-col-100 elementor-top-column elementor-element elementor-element-ff6caab\" data-id=\"ff6caab\" data-element_type=\"column\" data-e-type=\"column\">\n\t\t\t<div class=\"elementor-widget-wrap elementor-element-populated\">\n\t\t\t\t\t\t<div class=\"elementor-element elementor-element-c3be6b6 elementor-widget elementor-widget-text-editor\" data-id=\"c3be6b6\" data-element_type=\"widget\" data-e-type=\"widget\" data-widget_type=\"text-editor.default\">\n\t\t\t\t<div class=\"elementor-widget-container\">\n\t\t\t\t\t\t\t\t\t<div class=\"page\" title=\"Page 1\"><div class=\"layoutArea\"><div class=\"column\"><p style=\"font-weight: 400; text-align: center;\"><em>1.000 cicloturistas disfrutaron de una cita hist\u00f3rica de color amarillo con motivo del Tour de Francia<\/em><\/p><p style=\"font-weight: 400;\">La 41\u00aa edici\u00f3n de prueba Vitoria se celebr\u00f3, bajo un radiante sol y una buena temperatura, para que los amantes de las dos ruedas inundasen de amarillo, y algunos toques verdes que acreditan al vencedor de la clasificaci\u00f3n por puntos, las carreteras de \u00c1lava una semana antes de que la ronda gala parta desde la capital alavesa, en lo que ser\u00e1 la segunda etapa del Tour de Francia 2023.<\/p><p style=\"font-weight: 400;\">Los y las 1.000 cicloturistas se convirtieron en los principales protagonistas de una jornada festiva e hist\u00f3rica, que comenz\u00f3 con un emotivo minuto de silencio en memoria de Jes\u00fas Ibisate, creador de la prueba gasteiztarra y de la Sociedad Ciclista Vitoriana, con el baile de honor, aurresku, que dio la bienvenida a la prueba y con el corte de cinta al que han acudido, Ramiro Gonz\u00e1lez, diputado general, Ana Rosa L\u00f3pez de Uralde, concejala de Deporte, Salud y Cooperaci\u00f3n al Desarrollo, Hugo Garriga, presidente de la Sociedad Ciclista Vitoriana y Eduardo Mart\u00ednez, director de Ascentium.<\/p><p style=\"font-weight: 400;\">Tras los actos, se dio la salida a los dos recorridos de 100 y 180 kil\u00f3metros dise\u00f1ados para el disfrute de todos los participantes. El recorrido de mayor distancia transcurri\u00f3 por zonas espectaculares como: Puerto de Opakua (1025m), Parque Natural de Izki, Puerto de la Aldea, Laguardia con unas impresionantes vistas a Rioja Alavesa, el exigente Puerto de Herrera y, por \u00faltimo, los dos \u00faltimos altos, Portilla y Zaldiaran. Una marcha exigente, pero imprescindible en el calendario cicloturista.<\/p><p style=\"font-weight: 400;\">A las 12:00 comenzaron a llegar los primeros cicloturistas, entre ellos, caras conocidas como Igor Gonz\u00e1lez de Galdeano, Juan Fern\u00e1ndez Mart\u00edn, Peio Ruiz Cabestany, Ruth Brito e I\u00f1igo Gonz\u00e1lez de Heredia. El cami\u00f3n amarillo aguardaba para que todos\/as los participantes celebrasen la jornada con una foto final como aut\u00e9nticos profesionales.<\/p><p style=\"font-weight: 400;\">En definitiva, Prueba Vitoria, supera con esta celebraci\u00f3n las cuatro d\u00e9cadas de vida apostando por la bicicleta y haciendo disfrutar en cada edici\u00f3n a cicloturistas de todas las edades, en una de las fechas marcadas en el calendario.<\/p><p style=\"font-weight: 400;\">\u00a0<\/p><\/div><\/div><\/div>\t\t\t\t\t\t\t\t<\/div>\n\t\t\t\t<\/div>\n\t\t\t\t\t<\/div>\n\t\t<\/div>\n\t\t\t\t\t<\/div>\n\t\t<\/section>\n\t\t\t\t<section class=\"elementor-section elementor-top-section elementor-element elementor-element-cf3f419 elementor-section-boxed elementor-section-height-default elementor-section-height-default\" data-id=\"cf3f419\" data-element_type=\"section\" data-e-type=\"section\" data-settings=\"{&quot;_ha_eqh_enable&quot;:false}\">\n\t\t\t\t\t\t<div class=\"elementor-container elementor-column-gap-default\">\n\t\t\t\t\t<div class=\"elementor-column elementor-col-100 elementor-top-column elementor-element elementor-element-100a7ce\" data-id=\"100a7ce\" data-element_type=\"column\" data-e-type=\"column\">\n\t\t\t<div class=\"elementor-widget-wrap elementor-element-populated\">\n\t\t\t\t\t\t<div class=\"elementor-element elementor-element-add7281 elementor-widget elementor-widget-image\" data-id=\"add7281\" data-element_type=\"widget\" data-e-type=\"widget\" data-widget_type=\"image.default\">\n\t\t\t\t<div class=\"elementor-widget-container\">\n\t\t\t\t\t\t\t\t\t\t\t\t\t\t\t<img fetchpriority=\"high\" decoding=\"async\" width=\"1024\" height=\"545\" src=\"https:\/\/pruebavitoria.es\/wp-content\/uploads\/2022\/12\/Prueba_Cicloturista_Vitoria_3-1024x545.png\" class=\"attachment-large size-large wp-image-2296\" alt=\"Prueba cicloturista Vitoria\" srcset=\"https:\/\/pruebavitoria.es\/wp-content\/uploads\/2022\/12\/Prueba_Cicloturista_Vitoria_3-1024x545.png 1024w, https:\/\/pruebavitoria.es\/wp-content\/uploads\/2022\/12\/Prueba_Cicloturista_Vitoria_3-300x160.png 300w, https:\/\/pruebavitoria.es\/wp-content\/uploads\/2022\/12\/Prueba_Cicloturista_Vitoria_3-768x409.png 768w, https:\/\/pruebavitoria.es\/wp-content\/uploads\/2022\/12\/Prueba_Cicloturista_Vitoria_3-1536x817.png 1536w, https:\/\/pruebavitoria.es\/wp-content\/uploads\/2022\/12\/Prueba_Cicloturista_Vitoria_3-2048x1090.png 2048w\" sizes=\"(max-width: 1024px) 100vw, 1024px\" \/>\t\t\t\t\t\t\t\t\t\t\t\t\t\t\t<\/div>\n\t\t\t\t<\/div>\n\t\t\t\t\t<\/div>\n\t\t<\/div>\n\t\t\t\t\t<\/div>\n\t\t<\/section>\n\t\t\t\t<\/div>","protected":false},"excerpt":{"rendered":"<p>1.000 cicloturistas disfrutaron de una cita hist\u00f3rica de color amarillo con motivo del Tour de Francia<\/p>","protected":false},"author":1,"featured_media":3169,"comment_status":"closed","ping_status":"closed","sticky":false,"template":"","format":"standard","meta":{"site-sidebar-layout":"default","site-content-layout":"","ast-site-content-layout":"default","site-content-style":"default","site-sidebar-style":"default","ast-global-header-display":"","ast-banner-title-visibility":"","ast-main-header-display":"","ast-hfb-above-header-display":"","ast-hfb-below-header-display":"","ast-hfb-mobile-header-display":"","site-post-title":"","ast-breadcrumbs-content":"","ast-featured-img":"","footer-sml-layout":"","ast-disable-related-posts":"","theme-transparent-header-meta":"","adv-header-id-meta":"","stick-header-meta":"","header-above-stick-meta":"","header-main-stick-meta":"","header-below-stick-meta":"","astra-migrate-meta-layouts":"default","ast-page-background-enabled":"default","ast-page-background-meta":{"desktop":{"background-color":"var(--ast-global-color-4)","background-image":"","background-repeat":"repeat","background-position":"center center","background-size":"auto","background-attachment":"scroll","background-type":"","background-media":"","overlay-type":"","overlay-color":"","overlay-opacity":"","overlay-gradient":""},"tablet":{"background-color":"","background-image":"","background-repeat":"repeat","background-position":"center center","background-size":"auto","background-attachment":"scroll","background-type":"","background-media":"","overlay-type":"","overlay-color":"","overlay-opacity":"","overlay-gradient":""},"mobile":{"background-color":"","background-image":"","background-repeat":"repeat","background-position":"center center","background-size":"auto","background-attachment":"scroll","background-type":"","background-media":"","overlay-type":"","overlay-color":"","overlay-opacity":"","overlay-gradient":""}},"ast-content-background-meta":{"desktop":{"background-color":"var(--ast-global-color-5)","background-image":"","background-repeat":"repeat","background-position":"center center","background-size":"auto","background-attachment":"scroll","background-type":"","background-media":"","overlay-type":"","overlay-color":"","overlay-opacity":"","overlay-gradient":""},"tablet":{"background-color":"var(--ast-global-color-5)","background-image":"","background-repeat":"repeat","background-position":"center center","background-size":"auto","background-attachment":"scroll","background-type":"","background-media":"","overlay-type":"","overlay-color":"","overlay-opacity":"","overlay-gradient":""},"mobile":{"background-color":"var(--ast-global-color-5)","background-image":"","background-repeat":"repeat","background-position":"center center","background-size":"auto","background-attachment":"scroll","background-type":"","background-media":"","overlay-type":"","overlay-color":"","overlay-opacity":"","overlay-gradient":""}},"footnotes":""},"categories":[1],"tags":[],"class_list":["post-3165","post","type-post","status-publish","format-standard","has-post-thumbnail","hentry","category-sin-categoria"],"yoast_head":"<!-- This site is optimized with the Yoast SEO plugin v26.6 - https:\/\/yoast.com\/wordpress\/plugins\/seo\/ -->\n<title>Prueba Vitoria y Grand D\u00e9part Pays Basque se dan la mano para inundar de amarillo las carreteras de \u00c1lava - Prueba Vitoria GRAN FONDO 2025<\/title>\n<meta name=\"description\" content=\"Los 1.000 participantes de la prueba cicloturista, que forma parte del Grand D\u00e9part Pays Basque 2023, saldr\u00e1n a las 8:30 desde Mendizorroza.\" \/>\n<meta name=\"robots\" content=\"index, follow, max-snippet:-1, max-image-preview:large, max-video-preview:-1\" \/>\n<link rel=\"canonical\" href=\"https:\/\/pruebavitoria.es\/eu\/2023\/06\/28\/sold-out-y-record-de-participacion-en-prueba-vitoria-cloned-3149\/\" \/>\n<meta property=\"og:locale\" content=\"en_US\" \/>\n<meta property=\"og:type\" content=\"article\" \/>\n<meta property=\"og:title\" content=\"Prueba Vitoria y Grand D\u00e9part Pays Basque se dan la mano para inundar de amarillo las carreteras de \u00c1lava - Prueba Vitoria GRAN FONDO 2025\" \/>\n<meta property=\"og:description\" content=\"Los 1.000 participantes de la prueba cicloturista, que forma parte del Grand D\u00e9part Pays Basque 2023, saldr\u00e1n a las 8:30 desde Mendizorroza.\" \/>\n<meta property=\"og:url\" content=\"https:\/\/pruebavitoria.es\/eu\/2023\/06\/28\/sold-out-y-record-de-participacion-en-prueba-vitoria-cloned-3149\/\" \/>\n<meta property=\"og:site_name\" content=\"Prueba Vitoria GRAN FONDO 2025\" \/>\n<meta property=\"article:publisher\" content=\"https:\/\/www.facebook.com\/pruebaciclistavitoria\/?_rdr\" \/>\n<meta property=\"article:published_time\" content=\"2023-06-28T14:39:27+00:00\" \/>\n<meta property=\"article:modified_time\" content=\"2023-06-28T14:48:05+00:00\" \/>\n<meta property=\"og:image\" content=\"https:\/\/pruebavitoria.es\/wp-content\/uploads\/2023\/06\/Prueba_cicloturista_vitoria_\u00a9quieromisfotos.com_144-scaled.jpg\" \/>\n\t<meta property=\"og:image:width\" content=\"2560\" \/>\n\t<meta property=\"og:image:height\" content=\"1707\" \/>\n\t<meta property=\"og:image:type\" content=\"image\/jpeg\" \/>\n<meta name=\"author\" content=\"vitoria\" \/>\n<meta name=\"twitter:card\" content=\"summary_large_image\" \/>\n<meta name=\"twitter:label1\" content=\"Written by\" \/>\n\t<meta name=\"twitter:data1\" content=\"vitoria\" \/>\n\t<meta name=\"twitter:label2\" content=\"Est. reading time\" \/>\n\t<meta name=\"twitter:data2\" content=\"2 minutua\" \/>\n<script type=\"application\/ld+json\" class=\"yoast-schema-graph\">{\"@context\":\"https:\/\/schema.org\",\"@graph\":[{\"@type\":\"Article\",\"@id\":\"https:\/\/pruebavitoria.es\/es\/2023\/06\/28\/sold-out-y-record-de-participacion-en-prueba-vitoria-cloned-3149\/#article\",\"isPartOf\":{\"@id\":\"https:\/\/pruebavitoria.es\/es\/2023\/06\/28\/sold-out-y-record-de-participacion-en-prueba-vitoria-cloned-3149\/\"},\"author\":{\"name\":\"vitoria\",\"@id\":\"https:\/\/pruebavitoria.es\/#\/schema\/person\/a520031cf45ebb69c7b4af71f46dbc5f\"},\"headline\":\"Prueba Vitoria y Grand D\u00e9part Pays Basque se dan la mano para inundar de amarillo las carreteras de \u00c1lava\",\"datePublished\":\"2023-06-28T14:39:27+00:00\",\"dateModified\":\"2023-06-28T14:48:05+00:00\",\"mainEntityOfPage\":{\"@id\":\"https:\/\/pruebavitoria.es\/es\/2023\/06\/28\/sold-out-y-record-de-participacion-en-prueba-vitoria-cloned-3149\/\"},\"wordCount\":381,\"publisher\":{\"@id\":\"https:\/\/pruebavitoria.es\/#organization\"},\"image\":{\"@id\":\"https:\/\/pruebavitoria.es\/es\/2023\/06\/28\/sold-out-y-record-de-participacion-en-prueba-vitoria-cloned-3149\/#primaryimage\"},\"thumbnailUrl\":\"https:\/\/pruebavitoria.es\/wp-content\/uploads\/2023\/06\/Prueba_cicloturista_vitoria_\u00a9quieromisfotos.com_144-scaled.jpg\",\"articleSection\":[\"Sin categor\u00eda\"],\"inLanguage\":\"eu\"},{\"@type\":\"WebPage\",\"@id\":\"https:\/\/pruebavitoria.es\/es\/2023\/06\/28\/sold-out-y-record-de-participacion-en-prueba-vitoria-cloned-3149\/\",\"url\":\"https:\/\/pruebavitoria.es\/es\/2023\/06\/28\/sold-out-y-record-de-participacion-en-prueba-vitoria-cloned-3149\/\",\"name\":\"Prueba Vitoria y Grand D\u00e9part Pays Basque se dan la mano para inundar de amarillo las carreteras de \u00c1lava - Prueba Vitoria GRAN FONDO 2025\",\"isPartOf\":{\"@id\":\"https:\/\/pruebavitoria.es\/#website\"},\"primaryImageOfPage\":{\"@id\":\"https:\/\/pruebavitoria.es\/es\/2023\/06\/28\/sold-out-y-record-de-participacion-en-prueba-vitoria-cloned-3149\/#primaryimage\"},\"image\":{\"@id\":\"https:\/\/pruebavitoria.es\/es\/2023\/06\/28\/sold-out-y-record-de-participacion-en-prueba-vitoria-cloned-3149\/#primaryimage\"},\"thumbnailUrl\":\"https:\/\/pruebavitoria.es\/wp-content\/uploads\/2023\/06\/Prueba_cicloturista_vitoria_\u00a9quieromisfotos.com_144-scaled.jpg\",\"datePublished\":\"2023-06-28T14:39:27+00:00\",\"dateModified\":\"2023-06-28T14:48:05+00:00\",\"description\":\"Los 1.000 participantes de la prueba cicloturista, que forma parte del Grand D\u00e9part Pays Basque 2023, saldr\u00e1n a las 8:30 desde Mendizorroza.\",\"breadcrumb\":{\"@id\":\"https:\/\/pruebavitoria.es\/es\/2023\/06\/28\/sold-out-y-record-de-participacion-en-prueba-vitoria-cloned-3149\/#breadcrumb\"},\"inLanguage\":\"eu\",\"potentialAction\":[{\"@type\":\"ReadAction\",\"target\":[\"https:\/\/pruebavitoria.es\/es\/2023\/06\/28\/sold-out-y-record-de-participacion-en-prueba-vitoria-cloned-3149\/\"]}]},{\"@type\":\"ImageObject\",\"inLanguage\":\"eu\",\"@id\":\"https:\/\/pruebavitoria.es\/es\/2023\/06\/28\/sold-out-y-record-de-participacion-en-prueba-vitoria-cloned-3149\/#primaryimage\",\"url\":\"https:\/\/pruebavitoria.es\/wp-content\/uploads\/2023\/06\/Prueba_cicloturista_vitoria_\u00a9quieromisfotos.com_144-scaled.jpg\",\"contentUrl\":\"https:\/\/pruebavitoria.es\/wp-content\/uploads\/2023\/06\/Prueba_cicloturista_vitoria_\u00a9quieromisfotos.com_144-scaled.jpg\",\"width\":2560,\"height\":1707},{\"@type\":\"BreadcrumbList\",\"@id\":\"https:\/\/pruebavitoria.es\/es\/2023\/06\/28\/sold-out-y-record-de-participacion-en-prueba-vitoria-cloned-3149\/#breadcrumb\",\"itemListElement\":[{\"@type\":\"ListItem\",\"position\":1,\"name\":\"Portada\",\"item\":\"https:\/\/pruebavitoria.es\/\"},{\"@type\":\"ListItem\",\"position\":2,\"name\":\"Prueba Vitoria y Grand D\u00e9part Pays Basque se dan la mano para inundar de amarillo las carreteras de \u00c1lava\"}]},{\"@type\":\"WebSite\",\"@id\":\"https:\/\/pruebavitoria.es\/#website\",\"url\":\"https:\/\/pruebavitoria.es\/\",\"name\":\"PRUEBA VITORIA GRAN FONDO\",\"description\":\"21 Junio 2025\",\"publisher\":{\"@id\":\"https:\/\/pruebavitoria.es\/#organization\"},\"potentialAction\":[{\"@type\":\"SearchAction\",\"target\":{\"@type\":\"EntryPoint\",\"urlTemplate\":\"https:\/\/pruebavitoria.es\/?s={search_term_string}\"},\"query-input\":{\"@type\":\"PropertyValueSpecification\",\"valueRequired\":true,\"valueName\":\"search_term_string\"}}],\"inLanguage\":\"eu\"},{\"@type\":\"Organization\",\"@id\":\"https:\/\/pruebavitoria.es\/#organization\",\"name\":\"PRUEBA VITORIA GRAN FONDO\",\"url\":\"https:\/\/pruebavitoria.es\/\",\"logo\":{\"@type\":\"ImageObject\",\"inLanguage\":\"eu\",\"@id\":\"https:\/\/pruebavitoria.es\/#\/schema\/logo\/image\/\",\"url\":\"https:\/\/pruebavitoria.es\/wp-content\/uploads\/2022\/01\/cropped-cropped-LOGO-GRAN-FONDO-9.png\",\"contentUrl\":\"https:\/\/pruebavitoria.es\/wp-content\/uploads\/2022\/01\/cropped-cropped-LOGO-GRAN-FONDO-9.png\",\"width\":512,\"height\":512,\"caption\":\"PRUEBA VITORIA GRAN FONDO\"},\"image\":{\"@id\":\"https:\/\/pruebavitoria.es\/#\/schema\/logo\/image\/\"},\"sameAs\":[\"https:\/\/www.facebook.com\/pruebaciclistavitoria\/?_rdr\",\"https:\/\/www.instagram.com\/pruebaciclistavitoria\/?hl=es\"]},{\"@type\":\"Person\",\"@id\":\"https:\/\/pruebavitoria.es\/#\/schema\/person\/a520031cf45ebb69c7b4af71f46dbc5f\",\"name\":\"vitoria\",\"image\":{\"@type\":\"ImageObject\",\"inLanguage\":\"eu\",\"@id\":\"https:\/\/pruebavitoria.es\/#\/schema\/person\/image\/\",\"url\":\"https:\/\/secure.gravatar.com\/avatar\/d8182c164753d9f3762b194b27a9ed7a7a0981ff375795d0a06f19249086055a?s=96&d=mm&r=g\",\"contentUrl\":\"https:\/\/secure.gravatar.com\/avatar\/d8182c164753d9f3762b194b27a9ed7a7a0981ff375795d0a06f19249086055a?s=96&d=mm&r=g\",\"caption\":\"vitoria\"},\"sameAs\":[\"http:\/\/new.pruebavitoria.es\"],\"url\":\"https:\/\/pruebavitoria.es\/eu\/author\/vitoria\/\"}]}<\/script>\n<!-- \/ Yoast SEO plugin. -->","yoast_head_json":{"title":"Prueba Vitoria y Grand D\u00e9part Pays Basque se dan la mano para inundar de amarillo las carreteras de \u00c1lava - Prueba Vitoria GRAN FONDO 2025","description":"Los 1.000 participantes de la prueba cicloturista, que forma parte del Grand D\u00e9part Pays Basque 2023, saldr\u00e1n a las 8:30 desde Mendizorroza.","robots":{"index":"index","follow":"follow","max-snippet":"max-snippet:-1","max-image-preview":"max-image-preview:large","max-video-preview":"max-video-preview:-1"},"canonical":"https:\/\/pruebavitoria.es\/eu\/2023\/06\/28\/sold-out-y-record-de-participacion-en-prueba-vitoria-cloned-3149\/","og_locale":"en_US","og_type":"article","og_title":"Prueba Vitoria y Grand D\u00e9part Pays Basque se dan la mano para inundar de amarillo las carreteras de \u00c1lava - Prueba Vitoria GRAN FONDO 2025","og_description":"Los 1.000 participantes de la prueba cicloturista, que forma parte del Grand D\u00e9part Pays Basque 2023, saldr\u00e1n a las 8:30 desde Mendizorroza.","og_url":"https:\/\/pruebavitoria.es\/eu\/2023\/06\/28\/sold-out-y-record-de-participacion-en-prueba-vitoria-cloned-3149\/","og_site_name":"Prueba Vitoria GRAN FONDO 2025","article_publisher":"https:\/\/www.facebook.com\/pruebaciclistavitoria\/?_rdr","article_published_time":"2023-06-28T14:39:27+00:00","article_modified_time":"2023-06-28T14:48:05+00:00","og_image":[{"width":2560,"height":1707,"url":"https:\/\/pruebavitoria.es\/wp-content\/uploads\/2023\/06\/Prueba_cicloturista_vitoria_\u00a9quieromisfotos.com_144-scaled.jpg","type":"image\/jpeg"}],"author":"vitoria","twitter_card":"summary_large_image","twitter_misc":{"Written by":"vitoria","Est. reading time":"2 minutua"},"schema":{"@context":"https:\/\/schema.org","@graph":[{"@type":"Article","@id":"https:\/\/pruebavitoria.es\/es\/2023\/06\/28\/sold-out-y-record-de-participacion-en-prueba-vitoria-cloned-3149\/#article","isPartOf":{"@id":"https:\/\/pruebavitoria.es\/es\/2023\/06\/28\/sold-out-y-record-de-participacion-en-prueba-vitoria-cloned-3149\/"},"author":{"name":"vitoria","@id":"https:\/\/pruebavitoria.es\/#\/schema\/person\/a520031cf45ebb69c7b4af71f46dbc5f"},"headline":"Prueba Vitoria y Grand D\u00e9part Pays Basque se dan la mano para inundar de amarillo las carreteras de \u00c1lava","datePublished":"2023-06-28T14:39:27+00:00","dateModified":"2023-06-28T14:48:05+00:00","mainEntityOfPage":{"@id":"https:\/\/pruebavitoria.es\/es\/2023\/06\/28\/sold-out-y-record-de-participacion-en-prueba-vitoria-cloned-3149\/"},"wordCount":381,"publisher":{"@id":"https:\/\/pruebavitoria.es\/#organization"},"image":{"@id":"https:\/\/pruebavitoria.es\/es\/2023\/06\/28\/sold-out-y-record-de-participacion-en-prueba-vitoria-cloned-3149\/#primaryimage"},"thumbnailUrl":"https:\/\/pruebavitoria.es\/wp-content\/uploads\/2023\/06\/Prueba_cicloturista_vitoria_\u00a9quieromisfotos.com_144-scaled.jpg","articleSection":["Sin categor\u00eda"],"inLanguage":"eu"},{"@type":"WebPage","@id":"https:\/\/pruebavitoria.es\/es\/2023\/06\/28\/sold-out-y-record-de-participacion-en-prueba-vitoria-cloned-3149\/","url":"https:\/\/pruebavitoria.es\/es\/2023\/06\/28\/sold-out-y-record-de-participacion-en-prueba-vitoria-cloned-3149\/","name":"Prueba Vitoria y Grand D\u00e9part Pays Basque se dan la mano para inundar de amarillo las carreteras de \u00c1lava - Prueba Vitoria GRAN FONDO 2025","isPartOf":{"@id":"https:\/\/pruebavitoria.es\/#website"},"primaryImageOfPage":{"@id":"https:\/\/pruebavitoria.es\/es\/2023\/06\/28\/sold-out-y-record-de-participacion-en-prueba-vitoria-cloned-3149\/#primaryimage"},"image":{"@id":"https:\/\/pruebavitoria.es\/es\/2023\/06\/28\/sold-out-y-record-de-participacion-en-prueba-vitoria-cloned-3149\/#primaryimage"},"thumbnailUrl":"https:\/\/pruebavitoria.es\/wp-content\/uploads\/2023\/06\/Prueba_cicloturista_vitoria_\u00a9quieromisfotos.com_144-scaled.jpg","datePublished":"2023-06-28T14:39:27+00:00","dateModified":"2023-06-28T14:48:05+00:00","description":"Los 1.000 participantes de la prueba cicloturista, que forma parte del Grand D\u00e9part Pays Basque 2023, saldr\u00e1n a las 8:30 desde Mendizorroza.","breadcrumb":{"@id":"https:\/\/pruebavitoria.es\/es\/2023\/06\/28\/sold-out-y-record-de-participacion-en-prueba-vitoria-cloned-3149\/#breadcrumb"},"inLanguage":"eu","potentialAction":[{"@type":"ReadAction","target":["https:\/\/pruebavitoria.es\/es\/2023\/06\/28\/sold-out-y-record-de-participacion-en-prueba-vitoria-cloned-3149\/"]}]},{"@type":"ImageObject","inLanguage":"eu","@id":"https:\/\/pruebavitoria.es\/es\/2023\/06\/28\/sold-out-y-record-de-participacion-en-prueba-vitoria-cloned-3149\/#primaryimage","url":"https:\/\/pruebavitoria.es\/wp-content\/uploads\/2023\/06\/Prueba_cicloturista_vitoria_\u00a9quieromisfotos.com_144-scaled.jpg","contentUrl":"https:\/\/pruebavitoria.es\/wp-content\/uploads\/2023\/06\/Prueba_cicloturista_vitoria_\u00a9quieromisfotos.com_144-scaled.jpg","width":2560,"height":1707},{"@type":"BreadcrumbList","@id":"https:\/\/pruebavitoria.es\/es\/2023\/06\/28\/sold-out-y-record-de-participacion-en-prueba-vitoria-cloned-3149\/#breadcrumb","itemListElement":[{"@type":"ListItem","position":1,"name":"Portada","item":"https:\/\/pruebavitoria.es\/"},{"@type":"ListItem","position":2,"name":"Prueba Vitoria y Grand D\u00e9part Pays Basque se dan la mano para inundar de amarillo las carreteras de \u00c1lava"}]},{"@type":"WebSite","@id":"https:\/\/pruebavitoria.es\/#website","url":"https:\/\/pruebavitoria.es\/","name":"PRUEBA VITORIA GRAN FONDO","description":"21 Junio 2025","publisher":{"@id":"https:\/\/pruebavitoria.es\/#organization"},"potentialAction":[{"@type":"SearchAction","target":{"@type":"EntryPoint","urlTemplate":"https:\/\/pruebavitoria.es\/?s={search_term_string}"},"query-input":{"@type":"PropertyValueSpecification","valueRequired":true,"valueName":"search_term_string"}}],"inLanguage":"eu"},{"@type":"Organization","@id":"https:\/\/pruebavitoria.es\/#organization","name":"PRUEBA VITORIA GRAN FONDO","url":"https:\/\/pruebavitoria.es\/","logo":{"@type":"ImageObject","inLanguage":"eu","@id":"https:\/\/pruebavitoria.es\/#\/schema\/logo\/image\/","url":"https:\/\/pruebavitoria.es\/wp-content\/uploads\/2022\/01\/cropped-cropped-LOGO-GRAN-FONDO-9.png","contentUrl":"https:\/\/pruebavitoria.es\/wp-content\/uploads\/2022\/01\/cropped-cropped-LOGO-GRAN-FONDO-9.png","width":512,"height":512,"caption":"PRUEBA VITORIA GRAN FONDO"},"image":{"@id":"https:\/\/pruebavitoria.es\/#\/schema\/logo\/image\/"},"sameAs":["https:\/\/www.facebook.com\/pruebaciclistavitoria\/?_rdr","https:\/\/www.instagram.com\/pruebaciclistavitoria\/?hl=es"]},{"@type":"Person","@id":"https:\/\/pruebavitoria.es\/#\/schema\/person\/a520031cf45ebb69c7b4af71f46dbc5f","name":"vitoria","image":{"@type":"ImageObject","inLanguage":"eu","@id":"https:\/\/pruebavitoria.es\/#\/schema\/person\/image\/","url":"https:\/\/secure.gravatar.com\/avatar\/d8182c164753d9f3762b194b27a9ed7a7a0981ff375795d0a06f19249086055a?s=96&d=mm&r=g","contentUrl":"https:\/\/secure.gravatar.com\/avatar\/d8182c164753d9f3762b194b27a9ed7a7a0981ff375795d0a06f19249086055a?s=96&d=mm&r=g","caption":"vitoria"},"sameAs":["http:\/\/new.pruebavitoria.es"],"url":"https:\/\/pruebavitoria.es\/eu\/author\/vitoria\/"}]}},"_links":{"self":[{"href":"https:\/\/pruebavitoria.es\/eu\/wp-json\/wp\/v2\/posts\/3165","targetHints":{"allow":["GET"]}}],"collection":[{"href":"https:\/\/pruebavitoria.es\/eu\/wp-json\/wp\/v2\/posts"}],"about":[{"href":"https:\/\/pruebavitoria.es\/eu\/wp-json\/wp\/v2\/types\/post"}],"author":[{"embeddable":true,"href":"https:\/\/pruebavitoria.es\/eu\/wp-json\/wp\/v2\/users\/1"}],"replies":[{"embeddable":true,"href":"https:\/\/pruebavitoria.es\/eu\/wp-json\/wp\/v2\/comments?post=3165"}],"version-history":[{"count":0,"href":"https:\/\/pruebavitoria.es\/eu\/wp-json\/wp\/v2\/posts\/3165\/revisions"}],"wp:featuredmedia":[{"embeddable":true,"href":"https:\/\/pruebavitoria.es\/eu\/wp-json\/wp\/v2\/media\/3169"}],"wp:attachment":[{"href":"https:\/\/pruebavitoria.es\/eu\/wp-json\/wp\/v2\/media?parent=3165"}],"wp:term":[{"taxonomy":"category","embeddable":true,"href":"https:\/\/pruebavitoria.es\/eu\/wp-json\/wp\/v2\/categories?post=3165"},{"taxonomy":"post_tag","embeddable":true,"href":"https:\/\/pruebavitoria.es\/eu\/wp-json\/wp\/v2\/tags?post=3165"}],"curies":[{"name":"wp","href":"https:\/\/api.w.org\/{rel}","templated":true}]}}