{"id":2976,"date":"2023-02-10T11:07:03","date_gmt":"2023-02-10T11:07:03","guid":{"rendered":"https:\/\/pruebavitoria.es\/?p=2976"},"modified":"2023-02-10T11:10:05","modified_gmt":"2023-02-10T11:10:05","slug":"maillot-amarillo-oficial-2023","status":"publish","type":"post","link":"https:\/\/pruebavitoria.es\/eu\/2023\/02\/10\/maillot-amarillo-oficial-2023\/","title":{"rendered":"MAILLOT AMARILLO OFICIAL 2023"},"content":{"rendered":"<div data-elementor-type=\"wp-post\" data-elementor-id=\"2976\" class=\"elementor elementor-2976\" data-elementor-settings=\"{&quot;ha_cmc_init_switcher&quot;:&quot;no&quot;}\" data-elementor-post-type=\"post\">\n\t\t\t\t\t\t<section class=\"elementor-section elementor-top-section elementor-element elementor-element-d8daf40 elementor-section-boxed elementor-section-height-default elementor-section-height-default\" data-id=\"d8daf40\" data-element_type=\"section\" data-e-type=\"section\" data-settings=\"{&quot;_ha_eqh_enable&quot;:false}\">\n\t\t\t\t\t\t<div class=\"elementor-container elementor-column-gap-default\">\n\t\t\t\t\t<div class=\"elementor-column elementor-col-100 elementor-top-column elementor-element elementor-element-ff6caab\" data-id=\"ff6caab\" data-element_type=\"column\" data-e-type=\"column\">\n\t\t\t<div class=\"elementor-widget-wrap elementor-element-populated\">\n\t\t\t\t\t\t<div class=\"elementor-element elementor-element-c3be6b6 elementor-widget elementor-widget-text-editor\" data-id=\"c3be6b6\" data-element_type=\"widget\" data-e-type=\"widget\" data-widget_type=\"text-editor.default\">\n\t\t\t\t<div class=\"elementor-widget-container\">\n\t\t\t\t\t\t\t\t\t<p>La Prueba Cicloturista Vitoria cumple su edici\u00f3n 41 de manera especial y \u00fanica el s\u00e1bado 24 de junio. El Tour de Francia 2023 saldr\u00e1 de EUSKADI y Prueba Vitoria es una de las actividades programadas dentro del calendario organizado para el GRAND D\u00c9PART PAYS BASQUE. Una edici\u00f3n irrepetible en la que el color amarillo ser\u00e1 el protagonista.\u00a0Prueba Vitoria se prepara para ser una de las citas del a\u00f1o del ciclismo nacional que no te puedes perder.<\/p><p>Los aficionados al mundo de las dos ruedas pueden convertirse en los principales protagonistas, d\u00edas antes del paso por nuestras carreteras del pelot\u00f3n profesional. El Grand D\u00e9part Pays Basque es la culminaci\u00f3n del sue\u00f1o de ser anfitriones y disfrutar a tope del Tour de Francia en nuestras ciudades, pueblos y carreteras.<\/p><p>Con el objetivo de que tanto la ciudadan\u00eda en general como la afici\u00f3n txirrindulari se sienta part\u00edcipe de esta enorme celebraci\u00f3n, el Grand D\u00e9part Pays Basque se ha involucrado en la creaci\u00f3n de una marcha r\u00e9plica de la primera etapa de la ronda gala (L\u2019\u00c9tape Bilbao by Tour de France). Un evento \u00fanico y diferente, ya que existen muchas marchas cicloturistas, pero muy pocas reproducen una etapa del Tour. Adem\u00e1s de colaborar en el desarrollo de sendas ediciones especiales de dos pruebas tradicionales en el calendario vasco, la\u00a0Donostia-Baiona-Donostia\u00a0y\u00a0la Prueba Cicloturista Vitoria.<\/p><p>Esta 41. edici\u00f3n cuenta con dos recorridos, puesto que la organizaci\u00f3n los ha dise\u00f1ado para que nadie se quede sin participar en esta edici\u00f3n hist\u00f3rica. El recorrido de mayor distancia, ser\u00e1 de 180kms y 2.900 metros de desnivel positivo recorriendo gran parte de la provincia de \u00c1lava. El otro recorrido, m\u00e1s corto, recorrer\u00e1 100kms y 1.150 metros de desnivel positivo.<\/p><p>Dentro de esta gran celebraci\u00f3n que une ciclismo y Tour de Francia, para que las y los participantes puedan lucir unas prendas exclusivas de este hito hist\u00f3rico, la apuesta se ha inspirado en la profunda tradici\u00f3n de la \u2018Grande Boucle\u2019, un reto may\u00fasculo que vio la luz por primera vez en 1903 y que desde entonces no ha dejado de escribir grandes y \u00e9picas historias de ciclismo, esfuerzo y pasi\u00f3n, mucha pasi\u00f3n.<\/p><p>Tanto el color amarillo como la ikurri\u00f1a y los toques identificativos del Grand D\u00e9part Pays Basque y el Ongi eTOURri no pod\u00edan faltar en las tres indumentarias como nexo de uni\u00f3n. La prueba de Bilbao, que recorre el mismo trazado de la jornada inaugural de la carrera, exhibe en el cuello y manga derecha el color amarillo, en homenaje al maillot que identifica al l\u00edder de la carrera, instaurado en 1919. En el maillot de la Donostia-Baiona-Donostia, que incluye la subida al siempre espectacular Jaizkibel, destacan los lunares o puntos rojos, que desde 1975 distinguen al l\u00edder de la clasificaci\u00f3n de la monta\u00f1a. Y en 1953 se cre\u00f3 el maillot verde, que diferencia al ganador de la prestigiosa camisola verde como vencedor de la clasificaci\u00f3n por puntos o regularidad. Las y los participantes de la Prueba Cicloturista Vitoria podr\u00e1n lucir ese exclusivo maillot.<\/p><p>Con esta serie de tres maillots, producidos en exclusiva por Santini (proveedor oficial de la ronda gala), que simbolizan a la perfecci\u00f3n la llegada del Tour de Francia a Euskadi, las y los participantes que tomen la salida en cualquiera de las cicloturistas podr\u00e1n disfrutar y sentirse parte de una ocasi\u00f3n que va a resultar hist\u00f3rica, conservando una prueba que sea fiel testigo de sus pedaladas dentro del Grand D\u00e9part Pays Basque.<\/p><p>Ambos recorridos partir\u00e1n desde Vitoria-Gasteiz con la cl\u00e1sica vuelta al pantano, continuando por la\u00a0Llanada Alavesa\u00a0hasta llegar a Agurain. Una vez all\u00ed, se comenzar\u00e1n a pedalear las cuestas del\u00a0Puerto de Opakua\u00a0(1025m) para posteriormente disfrutar de la bajada hasta llegar a Maeztu d\u00f3nde se encontrar\u00e1 el punto de avituallamiento principal.<\/p><p>Una vez all\u00ed, los participantes del recorrido corto encarar\u00e1n el Puerto de Azaceta para poco a poco volver a Vitoria-Gasteiz, con un \u00faltimo tramo por la Llanada Alavesa para poder disfrutar de los \u00faltimos kil\u00f3metros antes de llegar a meta.<\/p><p>El recorrido largo, continuar\u00e1 por uno de los parajes m\u00e1s verdes de nuestra provincia,\u00a0el Parque Natural de Izki, para descender hasta Bernedo. A continuaci\u00f3n, se volver\u00e1 a ascender, en este caso, el espectacular Puerto de la Aldea, pisando Navarra y bajar hasta Laguardia con unas impresionantes vistas a\u00a0Rioja Alavesa.<\/p><p>Tras unos kil\u00f3metros de recuperaci\u00f3n, llegar\u00e1 el exigente\u00a0Puerto de Herrera. Una vez alcanzada su parte m\u00e1s alta, tocar\u00e1 descender a Pe\u00f1acerrada, continuando por la\u00a0Ruta del Agua\u00a0hasta llegar a Zambrana.<br \/>Por \u00faltimo, solamente faltar\u00e1n los dos \u00faltimos altos, Portilla y Zaldiaran, que pasando por Trevi\u00f1o previamente, guiar\u00e1n a los participantes hasta la meta en Vitoria-Gasteiz, sumando un total de 180 kil\u00f3metros con +2.900 metros de desnivel.<\/p>\t\t\t\t\t\t\t\t<\/div>\n\t\t\t\t<\/div>\n\t\t\t\t\t<\/div>\n\t\t<\/div>\n\t\t\t\t\t<\/div>\n\t\t<\/section>\n\t\t\t\t<section class=\"elementor-section elementor-top-section elementor-element elementor-element-cf3f419 elementor-section-boxed elementor-section-height-default elementor-section-height-default\" data-id=\"cf3f419\" data-element_type=\"section\" data-e-type=\"section\" data-settings=\"{&quot;_ha_eqh_enable&quot;:false}\">\n\t\t\t\t\t\t<div class=\"elementor-container elementor-column-gap-default\">\n\t\t\t\t\t<div class=\"elementor-column elementor-col-100 elementor-top-column elementor-element elementor-element-100a7ce\" data-id=\"100a7ce\" data-element_type=\"column\" data-e-type=\"column\">\n\t\t\t<div class=\"elementor-widget-wrap elementor-element-populated\">\n\t\t\t\t\t\t<div class=\"elementor-element elementor-element-add7281 elementor-widget elementor-widget-image\" data-id=\"add7281\" data-element_type=\"widget\" data-e-type=\"widget\" data-widget_type=\"image.default\">\n\t\t\t\t<div class=\"elementor-widget-container\">\n\t\t\t\t\t\t\t\t\t\t\t\t\t\t\t<img fetchpriority=\"high\" decoding=\"async\" width=\"1024\" height=\"545\" src=\"https:\/\/pruebavitoria.es\/wp-content\/uploads\/2022\/12\/Prueba_Cicloturista_Vitoria_3-1024x545.png\" class=\"attachment-large size-large wp-image-2296\" alt=\"Prueba cicloturista Vitoria\" srcset=\"https:\/\/pruebavitoria.es\/wp-content\/uploads\/2022\/12\/Prueba_Cicloturista_Vitoria_3-1024x545.png 1024w, https:\/\/pruebavitoria.es\/wp-content\/uploads\/2022\/12\/Prueba_Cicloturista_Vitoria_3-300x160.png 300w, https:\/\/pruebavitoria.es\/wp-content\/uploads\/2022\/12\/Prueba_Cicloturista_Vitoria_3-768x409.png 768w, https:\/\/pruebavitoria.es\/wp-content\/uploads\/2022\/12\/Prueba_Cicloturista_Vitoria_3-1536x817.png 1536w, https:\/\/pruebavitoria.es\/wp-content\/uploads\/2022\/12\/Prueba_Cicloturista_Vitoria_3-2048x1090.png 2048w\" sizes=\"(max-width: 1024px) 100vw, 1024px\" \/>\t\t\t\t\t\t\t\t\t\t\t\t\t\t\t<\/div>\n\t\t\t\t<\/div>\n\t\t\t\t\t<\/div>\n\t\t<\/div>\n\t\t\t\t\t<\/div>\n\t\t<\/section>\n\t\t\t\t<\/div>","protected":false},"excerpt":{"rendered":"<p>Las marchas del Grand D\u00e9part Pays Basque estrenan sus dise\u00f1os inspirados en la tradici\u00f3n y cultura del Tour de Francia<\/p>","protected":false},"author":1,"featured_media":2932,"comment_status":"closed","ping_status":"closed","sticky":false,"template":"","format":"standard","meta":{"site-sidebar-layout":"default","site-content-layout":"","ast-site-content-layout":"default","site-content-style":"default","site-sidebar-style":"default","ast-global-header-display":"","ast-banner-title-visibility":"","ast-main-header-display":"","ast-hfb-above-header-display":"","ast-hfb-below-header-display":"","ast-hfb-mobile-header-display":"","site-post-title":"","ast-breadcrumbs-content":"","ast-featured-img":"","footer-sml-layout":"","ast-disable-related-posts":"","theme-transparent-header-meta":"","adv-header-id-meta":"","stick-header-meta":"","header-above-stick-meta":"","header-main-stick-meta":"","header-below-stick-meta":"","astra-migrate-meta-layouts":"default","ast-page-background-enabled":"default","ast-page-background-meta":{"desktop":{"background-color":"var(--ast-global-color-4)","background-image":"","background-repeat":"repeat","background-position":"center center","background-size":"auto","background-attachment":"scroll","background-type":"","background-media":"","overlay-type":"","overlay-color":"","overlay-opacity":"","overlay-gradient":""},"tablet":{"background-color":"","background-image":"","background-repeat":"repeat","background-position":"center center","background-size":"auto","background-attachment":"scroll","background-type":"","background-media":"","overlay-type":"","overlay-color":"","overlay-opacity":"","overlay-gradient":""},"mobile":{"background-color":"","background-image":"","background-repeat":"repeat","background-position":"center center","background-size":"auto","background-attachment":"scroll","background-type":"","background-media":"","overlay-type":"","overlay-color":"","overlay-opacity":"","overlay-gradient":""}},"ast-content-background-meta":{"desktop":{"background-color":"var(--ast-global-color-5)","background-image":"","background-repeat":"repeat","background-position":"center center","background-size":"auto","background-attachment":"scroll","background-type":"","background-media":"","overlay-type":"","overlay-color":"","overlay-opacity":"","overlay-gradient":""},"tablet":{"background-color":"var(--ast-global-color-5)","background-image":"","background-repeat":"repeat","background-position":"center center","background-size":"auto","background-attachment":"scroll","background-type":"","background-media":"","overlay-type":"","overlay-color":"","overlay-opacity":"","overlay-gradient":""},"mobile":{"background-color":"var(--ast-global-color-5)","background-image":"","background-repeat":"repeat","background-position":"center center","background-size":"auto","background-attachment":"scroll","background-type":"","background-media":"","overlay-type":"","overlay-color":"","overlay-opacity":"","overlay-gradient":""}},"footnotes":""},"categories":[1],"tags":[],"class_list":["post-2976","post","type-post","status-publish","format-standard","has-post-thumbnail","hentry","category-sin-categoria"],"yoast_head":"<!-- This site is optimized with the Yoast SEO plugin v26.6 - https:\/\/yoast.com\/wordpress\/plugins\/seo\/ -->\n<title>MAILLOT AMARILLO OFICIAL 2023 - Prueba Vitoria GRAN FONDO 2025<\/title>\n<meta name=\"description\" content=\"Inscripciones abiertas para el evento de ciclismo Prueba Cicloturista Vitoria 2023. Uno de los eventos del a\u00f1o en \u00c1lava y Euskadi.\" \/>\n<meta name=\"robots\" content=\"index, follow, max-snippet:-1, max-image-preview:large, max-video-preview:-1\" \/>\n<link rel=\"canonical\" href=\"https:\/\/pruebavitoria.es\/eu\/2023\/02\/10\/maillot-amarillo-oficial-2023\/\" \/>\n<meta property=\"og:locale\" content=\"en_US\" \/>\n<meta property=\"og:type\" content=\"article\" \/>\n<meta property=\"og:title\" content=\"MAILLOT AMARILLO OFICIAL 2023 - Prueba Vitoria GRAN FONDO 2025\" \/>\n<meta property=\"og:description\" content=\"Inscripciones abiertas para el evento de ciclismo Prueba Cicloturista Vitoria 2023. Uno de los eventos del a\u00f1o en \u00c1lava y Euskadi.\" \/>\n<meta property=\"og:url\" content=\"https:\/\/pruebavitoria.es\/eu\/2023\/02\/10\/maillot-amarillo-oficial-2023\/\" \/>\n<meta property=\"og:site_name\" content=\"Prueba Vitoria GRAN FONDO 2025\" \/>\n<meta property=\"article:publisher\" content=\"https:\/\/www.facebook.com\/pruebaciclistavitoria\/?_rdr\" \/>\n<meta property=\"article:published_time\" content=\"2023-02-10T11:07:03+00:00\" \/>\n<meta property=\"article:modified_time\" content=\"2023-02-10T11:10:05+00:00\" \/>\n<meta property=\"og:image\" content=\"https:\/\/pruebavitoria.es\/wp-content\/uploads\/2023\/02\/Maillot-Santini-Prueba-Vitoria.png\" \/>\n\t<meta property=\"og:image:width\" content=\"2000\" \/>\n\t<meta property=\"og:image:height\" content=\"2000\" \/>\n\t<meta property=\"og:image:type\" content=\"image\/png\" \/>\n<meta name=\"author\" content=\"vitoria\" \/>\n<meta name=\"twitter:card\" content=\"summary_large_image\" \/>\n<meta name=\"twitter:label1\" content=\"Written by\" \/>\n\t<meta name=\"twitter:data1\" content=\"vitoria\" \/>\n\t<meta name=\"twitter:label2\" content=\"Est. reading time\" \/>\n\t<meta name=\"twitter:data2\" content=\"4 minutua\" \/>\n<script type=\"application\/ld+json\" class=\"yoast-schema-graph\">{\"@context\":\"https:\/\/schema.org\",\"@graph\":[{\"@type\":\"Article\",\"@id\":\"https:\/\/pruebavitoria.es\/2023\/02\/10\/maillot-amarillo-oficial-2023\/#article\",\"isPartOf\":{\"@id\":\"https:\/\/pruebavitoria.es\/2023\/02\/10\/maillot-amarillo-oficial-2023\/\"},\"author\":{\"name\":\"vitoria\",\"@id\":\"https:\/\/pruebavitoria.es\/#\/schema\/person\/a520031cf45ebb69c7b4af71f46dbc5f\"},\"headline\":\"MAILLOT AMARILLO OFICIAL 2023\",\"datePublished\":\"2023-02-10T11:07:03+00:00\",\"dateModified\":\"2023-02-10T11:10:05+00:00\",\"mainEntityOfPage\":{\"@id\":\"https:\/\/pruebavitoria.es\/2023\/02\/10\/maillot-amarillo-oficial-2023\/\"},\"wordCount\":833,\"publisher\":{\"@id\":\"https:\/\/pruebavitoria.es\/#organization\"},\"image\":{\"@id\":\"https:\/\/pruebavitoria.es\/2023\/02\/10\/maillot-amarillo-oficial-2023\/#primaryimage\"},\"thumbnailUrl\":\"https:\/\/pruebavitoria.es\/wp-content\/uploads\/2023\/02\/Maillot-Santini-Prueba-Vitoria.png\",\"articleSection\":[\"Sin categor\u00eda\"],\"inLanguage\":\"eu\"},{\"@type\":\"WebPage\",\"@id\":\"https:\/\/pruebavitoria.es\/2023\/02\/10\/maillot-amarillo-oficial-2023\/\",\"url\":\"https:\/\/pruebavitoria.es\/2023\/02\/10\/maillot-amarillo-oficial-2023\/\",\"name\":\"MAILLOT AMARILLO OFICIAL 2023 - Prueba Vitoria GRAN FONDO 2025\",\"isPartOf\":{\"@id\":\"https:\/\/pruebavitoria.es\/#website\"},\"primaryImageOfPage\":{\"@id\":\"https:\/\/pruebavitoria.es\/2023\/02\/10\/maillot-amarillo-oficial-2023\/#primaryimage\"},\"image\":{\"@id\":\"https:\/\/pruebavitoria.es\/2023\/02\/10\/maillot-amarillo-oficial-2023\/#primaryimage\"},\"thumbnailUrl\":\"https:\/\/pruebavitoria.es\/wp-content\/uploads\/2023\/02\/Maillot-Santini-Prueba-Vitoria.png\",\"datePublished\":\"2023-02-10T11:07:03+00:00\",\"dateModified\":\"2023-02-10T11:10:05+00:00\",\"description\":\"Inscripciones abiertas para el evento de ciclismo Prueba Cicloturista Vitoria 2023. Uno de los eventos del a\u00f1o en \u00c1lava y Euskadi.\",\"breadcrumb\":{\"@id\":\"https:\/\/pruebavitoria.es\/2023\/02\/10\/maillot-amarillo-oficial-2023\/#breadcrumb\"},\"inLanguage\":\"eu\",\"potentialAction\":[{\"@type\":\"ReadAction\",\"target\":[\"https:\/\/pruebavitoria.es\/2023\/02\/10\/maillot-amarillo-oficial-2023\/\"]}]},{\"@type\":\"ImageObject\",\"inLanguage\":\"eu\",\"@id\":\"https:\/\/pruebavitoria.es\/2023\/02\/10\/maillot-amarillo-oficial-2023\/#primaryimage\",\"url\":\"https:\/\/pruebavitoria.es\/wp-content\/uploads\/2023\/02\/Maillot-Santini-Prueba-Vitoria.png\",\"contentUrl\":\"https:\/\/pruebavitoria.es\/wp-content\/uploads\/2023\/02\/Maillot-Santini-Prueba-Vitoria.png\",\"width\":2000,\"height\":2000},{\"@type\":\"BreadcrumbList\",\"@id\":\"https:\/\/pruebavitoria.es\/2023\/02\/10\/maillot-amarillo-oficial-2023\/#breadcrumb\",\"itemListElement\":[{\"@type\":\"ListItem\",\"position\":1,\"name\":\"Portada\",\"item\":\"https:\/\/pruebavitoria.es\/\"},{\"@type\":\"ListItem\",\"position\":2,\"name\":\"MAILLOT AMARILLO OFICIAL 2023\"}]},{\"@type\":\"WebSite\",\"@id\":\"https:\/\/pruebavitoria.es\/#website\",\"url\":\"https:\/\/pruebavitoria.es\/\",\"name\":\"PRUEBA VITORIA GRAN FONDO\",\"description\":\"21 Junio 2025\",\"publisher\":{\"@id\":\"https:\/\/pruebavitoria.es\/#organization\"},\"potentialAction\":[{\"@type\":\"SearchAction\",\"target\":{\"@type\":\"EntryPoint\",\"urlTemplate\":\"https:\/\/pruebavitoria.es\/?s={search_term_string}\"},\"query-input\":{\"@type\":\"PropertyValueSpecification\",\"valueRequired\":true,\"valueName\":\"search_term_string\"}}],\"inLanguage\":\"eu\"},{\"@type\":\"Organization\",\"@id\":\"https:\/\/pruebavitoria.es\/#organization\",\"name\":\"PRUEBA VITORIA GRAN FONDO\",\"url\":\"https:\/\/pruebavitoria.es\/\",\"logo\":{\"@type\":\"ImageObject\",\"inLanguage\":\"eu\",\"@id\":\"https:\/\/pruebavitoria.es\/#\/schema\/logo\/image\/\",\"url\":\"https:\/\/pruebavitoria.es\/wp-content\/uploads\/2022\/01\/cropped-cropped-LOGO-GRAN-FONDO-9.png\",\"contentUrl\":\"https:\/\/pruebavitoria.es\/wp-content\/uploads\/2022\/01\/cropped-cropped-LOGO-GRAN-FONDO-9.png\",\"width\":512,\"height\":512,\"caption\":\"PRUEBA VITORIA GRAN FONDO\"},\"image\":{\"@id\":\"https:\/\/pruebavitoria.es\/#\/schema\/logo\/image\/\"},\"sameAs\":[\"https:\/\/www.facebook.com\/pruebaciclistavitoria\/?_rdr\",\"https:\/\/www.instagram.com\/pruebaciclistavitoria\/?hl=es\"]},{\"@type\":\"Person\",\"@id\":\"https:\/\/pruebavitoria.es\/#\/schema\/person\/a520031cf45ebb69c7b4af71f46dbc5f\",\"name\":\"vitoria\",\"image\":{\"@type\":\"ImageObject\",\"inLanguage\":\"eu\",\"@id\":\"https:\/\/pruebavitoria.es\/#\/schema\/person\/image\/\",\"url\":\"https:\/\/secure.gravatar.com\/avatar\/d8182c164753d9f3762b194b27a9ed7a7a0981ff375795d0a06f19249086055a?s=96&d=mm&r=g\",\"contentUrl\":\"https:\/\/secure.gravatar.com\/avatar\/d8182c164753d9f3762b194b27a9ed7a7a0981ff375795d0a06f19249086055a?s=96&d=mm&r=g\",\"caption\":\"vitoria\"},\"sameAs\":[\"http:\/\/new.pruebavitoria.es\"],\"url\":\"https:\/\/pruebavitoria.es\/eu\/author\/vitoria\/\"}]}<\/script>\n<!-- \/ Yoast SEO plugin. -->","yoast_head_json":{"title":"MAILLOT AMARILLO OFICIAL 2023 - Prueba Vitoria GRAN FONDO 2025","description":"Inscripciones abiertas para el evento de ciclismo Prueba Cicloturista Vitoria 2023. Uno de los eventos del a\u00f1o en \u00c1lava y Euskadi.","robots":{"index":"index","follow":"follow","max-snippet":"max-snippet:-1","max-image-preview":"max-image-preview:large","max-video-preview":"max-video-preview:-1"},"canonical":"https:\/\/pruebavitoria.es\/eu\/2023\/02\/10\/maillot-amarillo-oficial-2023\/","og_locale":"en_US","og_type":"article","og_title":"MAILLOT AMARILLO OFICIAL 2023 - Prueba Vitoria GRAN FONDO 2025","og_description":"Inscripciones abiertas para el evento de ciclismo Prueba Cicloturista Vitoria 2023. Uno de los eventos del a\u00f1o en \u00c1lava y Euskadi.","og_url":"https:\/\/pruebavitoria.es\/eu\/2023\/02\/10\/maillot-amarillo-oficial-2023\/","og_site_name":"Prueba Vitoria GRAN FONDO 2025","article_publisher":"https:\/\/www.facebook.com\/pruebaciclistavitoria\/?_rdr","article_published_time":"2023-02-10T11:07:03+00:00","article_modified_time":"2023-02-10T11:10:05+00:00","og_image":[{"width":2000,"height":2000,"url":"https:\/\/pruebavitoria.es\/wp-content\/uploads\/2023\/02\/Maillot-Santini-Prueba-Vitoria.png","type":"image\/png"}],"author":"vitoria","twitter_card":"summary_large_image","twitter_misc":{"Written by":"vitoria","Est. reading time":"4 minutua"},"schema":{"@context":"https:\/\/schema.org","@graph":[{"@type":"Article","@id":"https:\/\/pruebavitoria.es\/2023\/02\/10\/maillot-amarillo-oficial-2023\/#article","isPartOf":{"@id":"https:\/\/pruebavitoria.es\/2023\/02\/10\/maillot-amarillo-oficial-2023\/"},"author":{"name":"vitoria","@id":"https:\/\/pruebavitoria.es\/#\/schema\/person\/a520031cf45ebb69c7b4af71f46dbc5f"},"headline":"MAILLOT AMARILLO OFICIAL 2023","datePublished":"2023-02-10T11:07:03+00:00","dateModified":"2023-02-10T11:10:05+00:00","mainEntityOfPage":{"@id":"https:\/\/pruebavitoria.es\/2023\/02\/10\/maillot-amarillo-oficial-2023\/"},"wordCount":833,"publisher":{"@id":"https:\/\/pruebavitoria.es\/#organization"},"image":{"@id":"https:\/\/pruebavitoria.es\/2023\/02\/10\/maillot-amarillo-oficial-2023\/#primaryimage"},"thumbnailUrl":"https:\/\/pruebavitoria.es\/wp-content\/uploads\/2023\/02\/Maillot-Santini-Prueba-Vitoria.png","articleSection":["Sin categor\u00eda"],"inLanguage":"eu"},{"@type":"WebPage","@id":"https:\/\/pruebavitoria.es\/2023\/02\/10\/maillot-amarillo-oficial-2023\/","url":"https:\/\/pruebavitoria.es\/2023\/02\/10\/maillot-amarillo-oficial-2023\/","name":"MAILLOT AMARILLO OFICIAL 2023 - Prueba Vitoria GRAN FONDO 2025","isPartOf":{"@id":"https:\/\/pruebavitoria.es\/#website"},"primaryImageOfPage":{"@id":"https:\/\/pruebavitoria.es\/2023\/02\/10\/maillot-amarillo-oficial-2023\/#primaryimage"},"image":{"@id":"https:\/\/pruebavitoria.es\/2023\/02\/10\/maillot-amarillo-oficial-2023\/#primaryimage"},"thumbnailUrl":"https:\/\/pruebavitoria.es\/wp-content\/uploads\/2023\/02\/Maillot-Santini-Prueba-Vitoria.png","datePublished":"2023-02-10T11:07:03+00:00","dateModified":"2023-02-10T11:10:05+00:00","description":"Inscripciones abiertas para el evento de ciclismo Prueba Cicloturista Vitoria 2023. Uno de los eventos del a\u00f1o en \u00c1lava y Euskadi.","breadcrumb":{"@id":"https:\/\/pruebavitoria.es\/2023\/02\/10\/maillot-amarillo-oficial-2023\/#breadcrumb"},"inLanguage":"eu","potentialAction":[{"@type":"ReadAction","target":["https:\/\/pruebavitoria.es\/2023\/02\/10\/maillot-amarillo-oficial-2023\/"]}]},{"@type":"ImageObject","inLanguage":"eu","@id":"https:\/\/pruebavitoria.es\/2023\/02\/10\/maillot-amarillo-oficial-2023\/#primaryimage","url":"https:\/\/pruebavitoria.es\/wp-content\/uploads\/2023\/02\/Maillot-Santini-Prueba-Vitoria.png","contentUrl":"https:\/\/pruebavitoria.es\/wp-content\/uploads\/2023\/02\/Maillot-Santini-Prueba-Vitoria.png","width":2000,"height":2000},{"@type":"BreadcrumbList","@id":"https:\/\/pruebavitoria.es\/2023\/02\/10\/maillot-amarillo-oficial-2023\/#breadcrumb","itemListElement":[{"@type":"ListItem","position":1,"name":"Portada","item":"https:\/\/pruebavitoria.es\/"},{"@type":"ListItem","position":2,"name":"MAILLOT AMARILLO OFICIAL 2023"}]},{"@type":"WebSite","@id":"https:\/\/pruebavitoria.es\/#website","url":"https:\/\/pruebavitoria.es\/","name":"PRUEBA VITORIA GRAN FONDO","description":"21 Junio 2025","publisher":{"@id":"https:\/\/pruebavitoria.es\/#organization"},"potentialAction":[{"@type":"SearchAction","target":{"@type":"EntryPoint","urlTemplate":"https:\/\/pruebavitoria.es\/?s={search_term_string}"},"query-input":{"@type":"PropertyValueSpecification","valueRequired":true,"valueName":"search_term_string"}}],"inLanguage":"eu"},{"@type":"Organization","@id":"https:\/\/pruebavitoria.es\/#organization","name":"PRUEBA VITORIA GRAN FONDO","url":"https:\/\/pruebavitoria.es\/","logo":{"@type":"ImageObject","inLanguage":"eu","@id":"https:\/\/pruebavitoria.es\/#\/schema\/logo\/image\/","url":"https:\/\/pruebavitoria.es\/wp-content\/uploads\/2022\/01\/cropped-cropped-LOGO-GRAN-FONDO-9.png","contentUrl":"https:\/\/pruebavitoria.es\/wp-content\/uploads\/2022\/01\/cropped-cropped-LOGO-GRAN-FONDO-9.png","width":512,"height":512,"caption":"PRUEBA VITORIA GRAN FONDO"},"image":{"@id":"https:\/\/pruebavitoria.es\/#\/schema\/logo\/image\/"},"sameAs":["https:\/\/www.facebook.com\/pruebaciclistavitoria\/?_rdr","https:\/\/www.instagram.com\/pruebaciclistavitoria\/?hl=es"]},{"@type":"Person","@id":"https:\/\/pruebavitoria.es\/#\/schema\/person\/a520031cf45ebb69c7b4af71f46dbc5f","name":"vitoria","image":{"@type":"ImageObject","inLanguage":"eu","@id":"https:\/\/pruebavitoria.es\/#\/schema\/person\/image\/","url":"https:\/\/secure.gravatar.com\/avatar\/d8182c164753d9f3762b194b27a9ed7a7a0981ff375795d0a06f19249086055a?s=96&d=mm&r=g","contentUrl":"https:\/\/secure.gravatar.com\/avatar\/d8182c164753d9f3762b194b27a9ed7a7a0981ff375795d0a06f19249086055a?s=96&d=mm&r=g","caption":"vitoria"},"sameAs":["http:\/\/new.pruebavitoria.es"],"url":"https:\/\/pruebavitoria.es\/eu\/author\/vitoria\/"}]}},"_links":{"self":[{"href":"https:\/\/pruebavitoria.es\/eu\/wp-json\/wp\/v2\/posts\/2976","targetHints":{"allow":["GET"]}}],"collection":[{"href":"https:\/\/pruebavitoria.es\/eu\/wp-json\/wp\/v2\/posts"}],"about":[{"href":"https:\/\/pruebavitoria.es\/eu\/wp-json\/wp\/v2\/types\/post"}],"author":[{"embeddable":true,"href":"https:\/\/pruebavitoria.es\/eu\/wp-json\/wp\/v2\/users\/1"}],"replies":[{"embeddable":true,"href":"https:\/\/pruebavitoria.es\/eu\/wp-json\/wp\/v2\/comments?post=2976"}],"version-history":[{"count":0,"href":"https:\/\/pruebavitoria.es\/eu\/wp-json\/wp\/v2\/posts\/2976\/revisions"}],"wp:featuredmedia":[{"embeddable":true,"href":"https:\/\/pruebavitoria.es\/eu\/wp-json\/wp\/v2\/media\/2932"}],"wp:attachment":[{"href":"https:\/\/pruebavitoria.es\/eu\/wp-json\/wp\/v2\/media?parent=2976"}],"wp:term":[{"taxonomy":"category","embeddable":true,"href":"https:\/\/pruebavitoria.es\/eu\/wp-json\/wp\/v2\/categories?post=2976"},{"taxonomy":"post_tag","embeddable":true,"href":"https:\/\/pruebavitoria.es\/eu\/wp-json\/wp\/v2\/tags?post=2976"}],"curies":[{"name":"wp","href":"https:\/\/api.w.org\/{rel}","templated":true}]}}