{"id":3815,"date":"2024-05-09T08:41:48","date_gmt":"2024-05-09T08:41:48","guid":{"rendered":"https:\/\/pruebavitoria.es\/?p=3815"},"modified":"2024-05-13T09:35:29","modified_gmt":"2024-05-13T09:35:29","slug":"la-prueba-ciclista-vitoria-celebra-el-22-de-junio-su-42a-edicion","status":"publish","type":"post","link":"https:\/\/pruebavitoria.es\/es\/2024\/05\/09\/la-prueba-ciclista-vitoria-celebra-el-22-de-junio-su-42a-edicion\/","title":{"rendered":"La Prueba Ciclista VITORIA, celebra el  22 de junio su 42\u00aa edici\u00f3n"},"content":{"rendered":"\t\t<div data-elementor-type=\"wp-post\" data-elementor-id=\"3815\" class=\"elementor elementor-3815\" data-elementor-settings=\"{&quot;ha_cmc_init_switcher&quot;:&quot;no&quot;}\" data-elementor-post-type=\"post\">\n\t\t\t\t\t\t<section class=\"elementor-section elementor-top-section elementor-element elementor-element-ee53770 elementor-section-full_width elementor-section-height-min-height elementor-section-height-default elementor-section-items-middle\" data-id=\"ee53770\" data-element_type=\"section\" data-e-type=\"section\" data-settings=\"{&quot;background_background&quot;:&quot;classic&quot;,&quot;_ha_eqh_enable&quot;:false}\">\n\t\t\t\t\t\t\t<div class=\"elementor-background-overlay\"><\/div>\n\t\t\t\t\t\t\t<div class=\"elementor-container elementor-column-gap-default\">\n\t\t\t\t\t<div class=\"elementor-column elementor-col-100 elementor-top-column elementor-element elementor-element-d2d29b2\" data-id=\"d2d29b2\" data-element_type=\"column\" data-e-type=\"column\">\n\t\t\t<div class=\"elementor-widget-wrap\">\n\t\t\t\t\t\t\t<\/div>\n\t\t<\/div>\n\t\t\t\t\t<\/div>\n\t\t<\/section>\n\t\t\t\t<section class=\"elementor-section elementor-top-section elementor-element elementor-element-d8daf40 elementor-section-boxed elementor-section-height-default elementor-section-height-default\" data-id=\"d8daf40\" data-element_type=\"section\" data-e-type=\"section\" data-settings=\"{&quot;_ha_eqh_enable&quot;:false}\">\n\t\t\t\t\t\t<div class=\"elementor-container elementor-column-gap-default\">\n\t\t\t\t\t<div class=\"elementor-column elementor-col-100 elementor-top-column elementor-element elementor-element-ff6caab\" data-id=\"ff6caab\" data-element_type=\"column\" data-e-type=\"column\">\n\t\t\t<div class=\"elementor-widget-wrap elementor-element-populated\">\n\t\t\t\t\t\t<div class=\"elementor-element elementor-element-c3be6b6 elementor-widget elementor-widget-text-editor\" data-id=\"c3be6b6\" data-element_type=\"widget\" data-e-type=\"widget\" data-widget_type=\"text-editor.default\">\n\t\t\t\t<div class=\"elementor-widget-container\">\n\t\t\t\t\t\t\t\t\t<ul type=\"disc\"><li class=\"MsoNormal\" style=\"mso-margin-top-alt: auto; mso-margin-bottom-alt: auto; mso-list: l0 level1 lfo1; tab-stops: list 36.0pt;\"><i><span style=\"mso-ascii-font-family: Calibri; mso-fareast-font-family: 'Times New Roman'; mso-hansi-font-family: Calibri; mso-bidi-font-family: Calibri; mso-fareast-language: ES-TRAD;\">La carrera, de car\u00e1cter popular y decana en el calendario estatal, se celebrar\u00e1 el s\u00e1bado 22 de junio y est\u00e1 abierta a <u>solo 750 participantes<\/u>.<\/span><\/i><\/li><li class=\"MsoNormal\" style=\"mso-margin-top-alt: auto; mso-margin-bottom-alt: auto; mso-list: l0 level1 lfo1; tab-stops: list 36.0pt;\"><i><span style=\"mso-ascii-font-family: Calibri; mso-fareast-font-family: 'Times New Roman'; mso-hansi-font-family: Calibri; mso-bidi-font-family: Calibri; mso-fareast-language: ES-TRAD;\">Las y los ciclistas podr\u00e1n elegir entre 2 recorrido: 100 km o 180km, atravesando cinco de las siete Cuadrillas de \u00c1lava y coronando siete puertos.<\/span><\/i><\/li><\/ul><p><style><i>@font-face&lt;br \/&gt;\n\t{font-family:Wingdings;&lt;br \/&gt;\n\tpanose-1:5 0 0 0 0 0 0 0 0 0;&lt;br \/&gt;\n\tmso-font-charset:77;&lt;br \/&gt;\n\tmso-generic-font-family:decorative;&lt;br \/&gt;\n\tmso-font-pitch:variable;&lt;br \/&gt;\n\tmso-font-signature:3 0 0 0 -2147483647 0;}@font-face&lt;br \/&gt;\n\t{font-family:\"Cambria Math\";&lt;br \/&gt;\n\tpanose-1:2 4 5 3 5 4 6 3 2 4;&lt;br \/&gt;\n\tmso-font-charset:0;&lt;br \/&gt;\n\tmso-generic-font-family:roman;&lt;br \/&gt;\n\tmso-font-pitch:variable;&lt;br \/&gt;\n\tmso-font-signature:-536870145 1107305727 0 0 415 0;}@font-face&lt;br \/&gt;\n\t{font-family:Calibri;&lt;br \/&gt;\n\tpanose-1:2 15 5 2 2 2 4 3 2 4;&lt;br \/&gt;\n\tmso-font-charset:0;&lt;br \/&gt;\n\tmso-generic-font-family:swiss;&lt;br \/&gt;\n\tmso-font-pitch:variable;&lt;br \/&gt;\n\tmso-font-signature:-536859905 -1073732485 9 0 511 0;}p.MsoNormal, li.MsoNormal, div.MsoNormal&lt;br \/&gt;\n\t{mso-style-unhide:no;&lt;br \/&gt;\n\tmso-style-qformat:yes;&lt;br \/&gt;\n\tmso-style-parent:\"\";&lt;br \/&gt;\n\tmargin:0cm;&lt;br \/&gt;\n\tmso-pagination:widow-orphan;&lt;br \/&gt;\n\tfont-size:12.0pt;&lt;br \/&gt;\n\tfont-family:\"Calibri\",sans-serif;&lt;br \/&gt;\n\tmso-ascii-font-family:Calibri;&lt;br \/&gt;\n\tmso-ascii-theme-font:minor-latin;&lt;br \/&gt;\n\tmso-fareast-font-family:Calibri;&lt;br \/&gt;\n\tmso-fareast-theme-font:minor-latin;&lt;br \/&gt;\n\tmso-hansi-font-family:Calibri;&lt;br \/&gt;\n\tmso-hansi-theme-font:minor-latin;&lt;br \/&gt;\n\tmso-bidi-font-family:\"Times New Roman\";&lt;br \/&gt;\n\tmso-bidi-theme-font:minor-bidi;&lt;br \/&gt;\n\tmso-fareast-language:EN-US;}.MsoChpDefault&lt;br \/&gt;\n\t{mso-style-type:export-only;&lt;br \/&gt;\n\tmso-default-props:yes;&lt;br \/&gt;\n\tfont-family:\"Calibri\",sans-serif;&lt;br \/&gt;\n\tmso-ascii-font-family:Calibri;&lt;br \/&gt;\n\tmso-ascii-theme-font:minor-latin;&lt;br \/&gt;\n\tmso-fareast-font-family:Calibri;&lt;br \/&gt;\n\tmso-fareast-theme-font:minor-latin;&lt;br \/&gt;\n\tmso-hansi-font-family:Calibri;&lt;br \/&gt;\n\tmso-hansi-theme-font:minor-latin;&lt;br \/&gt;\n\tmso-bidi-font-family:\"Times New Roman\";&lt;br \/&gt;\n\tmso-bidi-theme-font:minor-bidi;&lt;br \/&gt;\n\tmso-font-kerning:0pt;&lt;br \/&gt;\n\tmso-ligatures:none;&lt;br \/&gt;\n\tmso-fareast-language:EN-US;}div.WordSection1&lt;br \/&gt;\n\t{page:WordSection1;}ol&lt;br \/&gt;\n\t{margin-bottom:0cm;}ul&lt;br \/&gt;\n\t{margin-bottom:0cm;}<\/i><\/style><\/p>\t\t\t\t\t\t\t\t<\/div>\n\t\t\t\t<\/div>\n\t\t\t\t\t<\/div>\n\t\t<\/div>\n\t\t\t\t\t<\/div>\n\t\t<\/section>\n\t\t\t\t<section class=\"elementor-section elementor-top-section elementor-element elementor-element-a985f4a elementor-section-boxed elementor-section-height-default elementor-section-height-default\" data-id=\"a985f4a\" data-element_type=\"section\" data-e-type=\"section\" data-settings=\"{&quot;_ha_eqh_enable&quot;:false}\">\n\t\t\t\t\t\t<div class=\"elementor-container elementor-column-gap-default\">\n\t\t\t\t\t<div class=\"elementor-column elementor-col-100 elementor-top-column elementor-element elementor-element-2fe4382\" data-id=\"2fe4382\" data-element_type=\"column\" data-e-type=\"column\">\n\t\t\t<div class=\"elementor-widget-wrap elementor-element-populated\">\n\t\t\t\t\t\t<div class=\"elementor-element elementor-element-534fb6c elementor-widget elementor-widget-text-editor\" data-id=\"534fb6c\" data-element_type=\"widget\" data-e-type=\"widget\" data-widget_type=\"text-editor.default\">\n\t\t\t\t<div class=\"elementor-widget-container\">\n\t\t\t\t\t\t\t\t\t<h6><strong>Vitoria-Gasteiz, a 9 de mayo de 2024. <\/strong>Tras el \u00e9xito de Prueba Vitoria Grand Depart, la prueba recupera su caracter\u00edstico rosa. Su pr\u00f3xima edici\u00f3n, ser\u00e1 la 42\u00aa y se celebrar\u00e1 el s\u00e1bado, 22 de junio, con dos recorridos: el gran fondo de 180 kil\u00f3metros y 2.800 metros de desnivel y la distancia popular de 100 kil\u00f3metros y 1.150 metros de desnivel.<\/h6><div><br><\/div>\n<p>La prueba de car\u00e1cter no competitivo es promovida y organizada por Ascentium, la Sociedad Ciclista Vitoriana y Fundaci\u00f3n Vital Fundazioa como principales impulsores, tendr\u00e1 inicio a las 08.00 horas desde el parking de Mendizorroza, inici\u00e1ndose a partir de ah\u00ed un espectacular recorrido por todo el norte de la provincia que atravesar\u00e1, entre otros, el embalse de Ull\u00edbarri-Gamboa, Puerto de Opakua (1025m), la Monta\u00f1a Alavesa y el Parque Natural de Izki hasta llegar a la Rioja Alavesa, desde donde se iniciar\u00e1 el ascenso al siempre exigente Puerto de Herrera. Antes de concluir la prueba, el pelot\u00f3n subir\u00e1 Zaldiaran desde el condado de Trevi\u00f1o para concluir en la capital alavesa. La organizaci\u00f3n ha dispuesto seis puntos de avituallamiento en Agurain (Km. 50), Maeztu (Km. 75), Alto de La Aldea (Km. 95), Puerto Herrera (Km. 125), Alto Portilla (Km. 150) y meta.<\/p>\n<p>La prueba ha sido presentada este jueves, 9 de mayo, en la Sociedad Cicloturista Vitoriana por parte de Hugo Garriga, presidente de la Sociedad Ciclista Vitoriana, Ainhoa Pereita, directora ejecutiva de las Fundaciones Vital y de Aitor S\u00e1enz de C\u00e1mara, director de Prueba Vitoria.<\/p>\n<p>La directora ejecutiva de las Fundaciones Vital, Ainhoa Pereita, ha destacado: \u201cA pesar de ser un reto deportivo exigente y duro, la Vitoria se desarrolla en un&nbsp;<strong>ambiente de cercan\u00eda y familiaridad&nbsp;<\/strong>\u00fanicos que la hacen una de las pruebas m\u00e1s respetada en el calendario de gran fondo. Para Fundaci\u00f3n Vital es igualmente importante la gran oportunidad que este evento ofrece a sus participantes, muchas y muchos venidos de otras provincias, para conocer nuestras carreteras y pueblos, as\u00ed como la enorme biodiversidad que nos rodea\u201d.<\/p>\n<p>Hugo Garriga, presidente de la Sociedad Ciclista Vitoriana, ha destacado la labor de la Sociedad quien fue creadora de la prueba y sigue en su organizaci\u00f3n: \u201cEntre 90 y 100 socios y socias estaremos el d\u00eda de la prueba para que no les falte de nada a los participantes\u201d. Adem\u00e1s, como cada a\u00f1o la Vitoriana hace un homenaje a ciclistas o personas vinculada con la historia del ciclismo. Hugo ha presentado a la elegida de este a\u00f1o, que ha sido Arantzazu Azpiroz, quien cuenta con una 2\u00aa posici\u00f3n en una de las etapas del Tour femenino de 2007, numerosos triunfos en los campeonatos de Gipuzkoa, Euskadi y el campeonato de Espa\u00f1a de 2002 en categor\u00eda \u00e9lite.<\/p>\n<p>Por su parte, Aitor S\u00e1enz de C\u00e1mara, director de la prueba ha confirmado que la participaci\u00f3n se fija en 750 inscritos: \u201cLa prueba tiene un car\u00e1cter cercano y esa es parte de su esencia. El a\u00f1o pasado tuvimos 2 distancias y este a\u00f1o hemos conservado ese formato porque tuvo gran acogida. El gran fondo con 180km y la distancia popular con 100km\u201d.<\/p>\n<p><strong>MAILLOT ROSA <\/strong><br>La organizaci\u00f3n prev\u00e9 agotar dorsales. De los 750 dorsales fijados por la organizaci\u00f3n tan solo quedan 250. La inscripci\u00f3n incluye el maillot GOBIK que ha recuperado su rosa caracter\u00edstico y que ha estado expuesto en la presentaci\u00f3n. Hasta el 27 de mayo las inscripciones cuentan con precio reducido y la fecha l\u00edmite para inscribirse en <a href=\"https:\/\/pruebavitoria.es\/\">www.pruebavitoria.es<\/a> es el 16 de junio.<\/p>\n<p><strong>AQUELLA PRIMERA EDICI\u00d3N DE 1961\u2026<\/strong><br>La historia de la Prueba Cicloturista Vitoria comenz\u00f3 en 1961, cuando la Sociedad Ciclista Vitoriana (SVC), de la mano de otra serie de pe\u00f1as y sociedades del momento, alumbraron una prueba de car\u00e1cter popular con la idea de fijar \u201cunos cimientos s\u00f3lidos en favor del cicloturismo\u201d. Aquel primer recorrido dise\u00f1ado hace cuatro d\u00e9cadas y bautizado como Prueba Ibisate, fue una pechada de nada menos que 250 kil\u00f3metros y cinco puertos que serv\u00eda de preparaci\u00f3n para la cl\u00e1sica del calendario franc\u00e9s del Sud-Oeste, La Bayonne-Luchon, con 325 Kil\u00f3metros, 5.800 metros de desnivel y 26 horas de pedaleo.<\/p>\n<p>Durante mucho tiempo, la Prueba Ciclista Vitoria se celebr\u00f3 cada dos a\u00f1os (los impares). Sin embargo, esta norma cambi\u00f3 en 2002 cuando asumi\u00f3 un car\u00e1cter anual. En 2007 lleg\u00f3 el cambio m\u00e1s exigente, al primar la exigencia de las altas cotas ante la distancia del recorrido, pero en 2023 la prueba ampli\u00f3 su oferta a dos distancias. El aumento de la participaci\u00f3n y la gran acogida han hecho que la organizaci\u00f3n contin\u00fae con este formato.<i><\/i><\/p>\t\t\t\t\t\t\t\t<\/div>\n\t\t\t\t<\/div>\n\t\t\t\t\t<\/div>\n\t\t<\/div>\n\t\t\t\t\t<\/div>\n\t\t<\/section>\n\t\t\t\t<section class=\"elementor-section elementor-top-section elementor-element elementor-element-403dbde elementor-section-boxed elementor-section-height-default elementor-section-height-default\" data-id=\"403dbde\" data-element_type=\"section\" data-e-type=\"section\" data-settings=\"{&quot;_ha_eqh_enable&quot;:false}\">\n\t\t\t\t\t\t<div class=\"elementor-container elementor-column-gap-default\">\n\t\t\t\t\t<div class=\"elementor-column elementor-col-100 elementor-top-column elementor-element elementor-element-506f717\" data-id=\"506f717\" data-element_type=\"column\" data-e-type=\"column\">\n\t\t\t<div class=\"elementor-widget-wrap elementor-element-populated\">\n\t\t\t\t\t\t<div class=\"elementor-element elementor-element-00c87bf elementor-align-center elementor-widget elementor-widget-button\" data-id=\"00c87bf\" data-element_type=\"widget\" data-e-type=\"widget\" data-widget_type=\"button.default\">\n\t\t\t\t<div class=\"elementor-widget-container\">\n\t\t\t\t\t\t\t\t\t<div class=\"elementor-button-wrapper\">\n\t\t\t\t\t<a class=\"elementor-button elementor-button-link elementor-size-sm\" href=\"https:\/\/pruebavitoria.es\/es\/ultimas-noticias\/\">\n\t\t\t\t\t\t<span class=\"elementor-button-content-wrapper\">\n\t\t\t\t\t\t\t\t\t<span class=\"elementor-button-text\">+ NOTICIAS<\/span>\n\t\t\t\t\t<\/span>\n\t\t\t\t\t<\/a>\n\t\t\t\t<\/div>\n\t\t\t\t\t\t\t\t<\/div>\n\t\t\t\t<\/div>\n\t\t\t\t\t<\/div>\n\t\t<\/div>\n\t\t\t\t\t<\/div>\n\t\t<\/section>\n\t\t\t\t<\/div>\n\t\t","protected":false},"excerpt":{"rendered":"<p>\u2022\tLa carrera, de car\u00e1cter popular y decana en el calendario estatal, se celebrar\u00e1 el s\u00e1bado 22 de junio y est\u00e1 abierta a solo 750 participantes.<br \/>\n\u2022\tLas y los ciclistas podr\u00e1n elegir entre 2 recorrido: 100 km o 180km, atravesando cinco de las siete Cuadrillas de \u00c1lava y coronando siete puertos.<\/p>\n","protected":false},"author":1,"featured_media":3827,"comment_status":"closed","ping_status":"closed","sticky":false,"template":"elementor_header_footer","format":"standard","meta":{"site-sidebar-layout":"default","site-content-layout":"","ast-site-content-layout":"default","site-content-style":"default","site-sidebar-style":"default","ast-global-header-display":"","ast-banner-title-visibility":"","ast-main-header-display":"","ast-hfb-above-header-display":"","ast-hfb-below-header-display":"","ast-hfb-mobile-header-display":"","site-post-title":"","ast-breadcrumbs-content":"","ast-featured-img":"disabled","footer-sml-layout":"","ast-disable-related-posts":"","theme-transparent-header-meta":"","adv-header-id-meta":"","stick-header-meta":"","header-above-stick-meta":"","header-main-stick-meta":"","header-below-stick-meta":"","astra-migrate-meta-layouts":"set","ast-page-background-enabled":"default","ast-page-background-meta":{"desktop":{"background-color":"var(--ast-global-color-4)","background-image":"","background-repeat":"repeat","background-position":"center center","background-size":"auto","background-attachment":"scroll","background-type":"","background-media":"","overlay-type":"","overlay-color":"","overlay-opacity":"","overlay-gradient":""},"tablet":{"background-color":"","background-image":"","background-repeat":"repeat","background-position":"center center","background-size":"auto","background-attachment":"scroll","background-type":"","background-media":"","overlay-type":"","overlay-color":"","overlay-opacity":"","overlay-gradient":""},"mobile":{"background-color":"","background-image":"","background-repeat":"repeat","background-position":"center center","background-size":"auto","background-attachment":"scroll","background-type":"","background-media":"","overlay-type":"","overlay-color":"","overlay-opacity":"","overlay-gradient":""}},"ast-content-background-meta":{"desktop":{"background-color":"var(--ast-global-color-5)","background-image":"","background-repeat":"repeat","background-position":"center center","background-size":"auto","background-attachment":"scroll","background-type":"","background-media":"","overlay-type":"","overlay-color":"","overlay-opacity":"","overlay-gradient":""},"tablet":{"background-color":"var(--ast-global-color-5)","background-image":"","background-repeat":"repeat","background-position":"center center","background-size":"auto","background-attachment":"scroll","background-type":"","background-media":"","overlay-type":"","overlay-color":"","overlay-opacity":"","overlay-gradient":""},"mobile":{"background-color":"var(--ast-global-color-5)","background-image":"","background-repeat":"repeat","background-position":"center center","background-size":"auto","background-attachment":"scroll","background-type":"","background-media":"","overlay-type":"","overlay-color":"","overlay-opacity":"","overlay-gradient":""}},"footnotes":""},"categories":[1],"tags":[6,5,7,8],"class_list":["post-3815","post","type-post","status-publish","format-standard","has-post-thumbnail","hentry","category-sin-categoria","tag-bici","tag-ciclismo","tag-pruebacicloturista","tag-viotira"],"yoast_head":"<!-- This site is optimized with the Yoast SEO plugin v26.6 - https:\/\/yoast.com\/wordpress\/plugins\/seo\/ -->\n<title>La Prueba Ciclista VITORIA, celebra el 22 de junio su 42\u00aa edici\u00f3n - Prueba Vitoria GRAN FONDO 2025<\/title>\n<meta name=\"description\" content=\"Inscripciones abiertas para el evento de ciclismo Prueba Cicloturista Vitoria 2023. Uno de los eventos del a\u00f1o en \u00c1lava y Euskadi.\" \/>\n<meta name=\"robots\" content=\"index, follow, max-snippet:-1, max-image-preview:large, max-video-preview:-1\" \/>\n<link rel=\"canonical\" href=\"https:\/\/pruebavitoria.es\/es\/2024\/05\/09\/la-prueba-ciclista-vitoria-celebra-el-22-de-junio-su-42a-edicion\/\" \/>\n<meta property=\"og:locale\" content=\"es_ES\" \/>\n<meta property=\"og:type\" content=\"article\" \/>\n<meta property=\"og:title\" content=\"La Prueba Ciclista VITORIA, celebra el 22 de junio su 42\u00aa edici\u00f3n - Prueba Vitoria GRAN FONDO 2025\" \/>\n<meta property=\"og:description\" content=\"Inscripciones abiertas para el evento de ciclismo Prueba Cicloturista Vitoria 2023. Uno de los eventos del a\u00f1o en \u00c1lava y Euskadi.\" \/>\n<meta property=\"og:url\" content=\"https:\/\/pruebavitoria.es\/es\/2024\/05\/09\/la-prueba-ciclista-vitoria-celebra-el-22-de-junio-su-42a-edicion\/\" \/>\n<meta property=\"og:site_name\" content=\"Prueba Vitoria GRAN FONDO 2025\" \/>\n<meta property=\"article:publisher\" content=\"https:\/\/www.facebook.com\/pruebaciclistavitoria\/?_rdr\" \/>\n<meta property=\"article:published_time\" content=\"2024-05-09T08:41:48+00:00\" \/>\n<meta property=\"article:modified_time\" content=\"2024-05-13T09:35:29+00:00\" \/>\n<meta property=\"og:image\" content=\"https:\/\/pruebavitoria.es\/wp-content\/uploads\/2024\/05\/Prueba_Vitoria_Cicloturista_2024-presentacion.png\" \/>\n\t<meta property=\"og:image:width\" content=\"1258\" \/>\n\t<meta property=\"og:image:height\" content=\"932\" \/>\n\t<meta property=\"og:image:type\" content=\"image\/png\" \/>\n<meta name=\"author\" content=\"vitoria\" \/>\n<meta name=\"twitter:card\" content=\"summary_large_image\" \/>\n<meta name=\"twitter:label1\" content=\"Escrito por\" \/>\n\t<meta name=\"twitter:data1\" content=\"vitoria\" \/>\n\t<meta name=\"twitter:label2\" content=\"Tiempo de lectura\" \/>\n\t<meta name=\"twitter:data2\" content=\"4 minutos\" \/>\n<script type=\"application\/ld+json\" class=\"yoast-schema-graph\">{\"@context\":\"https:\/\/schema.org\",\"@graph\":[{\"@type\":\"Article\",\"@id\":\"https:\/\/pruebavitoria.es\/2024\/05\/09\/la-prueba-ciclista-vitoria-celebra-el-22-de-junio-su-42a-edicion\/#article\",\"isPartOf\":{\"@id\":\"https:\/\/pruebavitoria.es\/2024\/05\/09\/la-prueba-ciclista-vitoria-celebra-el-22-de-junio-su-42a-edicion\/\"},\"author\":{\"name\":\"vitoria\",\"@id\":\"https:\/\/pruebavitoria.es\/#\/schema\/person\/a520031cf45ebb69c7b4af71f46dbc5f\"},\"headline\":\"La Prueba Ciclista VITORIA, celebra el 22 de junio su 42\u00aa edici\u00f3n\",\"datePublished\":\"2024-05-09T08:41:48+00:00\",\"dateModified\":\"2024-05-13T09:35:29+00:00\",\"mainEntityOfPage\":{\"@id\":\"https:\/\/pruebavitoria.es\/2024\/05\/09\/la-prueba-ciclista-vitoria-celebra-el-22-de-junio-su-42a-edicion\/\"},\"wordCount\":833,\"publisher\":{\"@id\":\"https:\/\/pruebavitoria.es\/#organization\"},\"image\":{\"@id\":\"https:\/\/pruebavitoria.es\/2024\/05\/09\/la-prueba-ciclista-vitoria-celebra-el-22-de-junio-su-42a-edicion\/#primaryimage\"},\"thumbnailUrl\":\"https:\/\/pruebavitoria.es\/wp-content\/uploads\/2024\/05\/Prueba_Vitoria_Cicloturista_2024-presentacion.png\",\"keywords\":[\"bici\",\"ciclismo\",\"pruebacicloturista\",\"viotira\"],\"inLanguage\":\"es\"},{\"@type\":\"WebPage\",\"@id\":\"https:\/\/pruebavitoria.es\/2024\/05\/09\/la-prueba-ciclista-vitoria-celebra-el-22-de-junio-su-42a-edicion\/\",\"url\":\"https:\/\/pruebavitoria.es\/2024\/05\/09\/la-prueba-ciclista-vitoria-celebra-el-22-de-junio-su-42a-edicion\/\",\"name\":\"La Prueba Ciclista VITORIA, celebra el 22 de junio su 42\u00aa edici\u00f3n - Prueba Vitoria GRAN FONDO 2025\",\"isPartOf\":{\"@id\":\"https:\/\/pruebavitoria.es\/#website\"},\"primaryImageOfPage\":{\"@id\":\"https:\/\/pruebavitoria.es\/2024\/05\/09\/la-prueba-ciclista-vitoria-celebra-el-22-de-junio-su-42a-edicion\/#primaryimage\"},\"image\":{\"@id\":\"https:\/\/pruebavitoria.es\/2024\/05\/09\/la-prueba-ciclista-vitoria-celebra-el-22-de-junio-su-42a-edicion\/#primaryimage\"},\"thumbnailUrl\":\"https:\/\/pruebavitoria.es\/wp-content\/uploads\/2024\/05\/Prueba_Vitoria_Cicloturista_2024-presentacion.png\",\"datePublished\":\"2024-05-09T08:41:48+00:00\",\"dateModified\":\"2024-05-13T09:35:29+00:00\",\"description\":\"Inscripciones abiertas para el evento de ciclismo Prueba Cicloturista Vitoria 2023. Uno de los eventos del a\u00f1o en \u00c1lava y Euskadi.\",\"breadcrumb\":{\"@id\":\"https:\/\/pruebavitoria.es\/2024\/05\/09\/la-prueba-ciclista-vitoria-celebra-el-22-de-junio-su-42a-edicion\/#breadcrumb\"},\"inLanguage\":\"es\",\"potentialAction\":[{\"@type\":\"ReadAction\",\"target\":[\"https:\/\/pruebavitoria.es\/2024\/05\/09\/la-prueba-ciclista-vitoria-celebra-el-22-de-junio-su-42a-edicion\/\"]}]},{\"@type\":\"ImageObject\",\"inLanguage\":\"es\",\"@id\":\"https:\/\/pruebavitoria.es\/2024\/05\/09\/la-prueba-ciclista-vitoria-celebra-el-22-de-junio-su-42a-edicion\/#primaryimage\",\"url\":\"https:\/\/pruebavitoria.es\/wp-content\/uploads\/2024\/05\/Prueba_Vitoria_Cicloturista_2024-presentacion.png\",\"contentUrl\":\"https:\/\/pruebavitoria.es\/wp-content\/uploads\/2024\/05\/Prueba_Vitoria_Cicloturista_2024-presentacion.png\",\"width\":1258,\"height\":932},{\"@type\":\"BreadcrumbList\",\"@id\":\"https:\/\/pruebavitoria.es\/2024\/05\/09\/la-prueba-ciclista-vitoria-celebra-el-22-de-junio-su-42a-edicion\/#breadcrumb\",\"itemListElement\":[{\"@type\":\"ListItem\",\"position\":1,\"name\":\"Portada\",\"item\":\"https:\/\/pruebavitoria.es\/\"},{\"@type\":\"ListItem\",\"position\":2,\"name\":\"La Prueba Ciclista VITORIA, celebra el 22 de junio su 42\u00aa edici\u00f3n\"}]},{\"@type\":\"WebSite\",\"@id\":\"https:\/\/pruebavitoria.es\/#website\",\"url\":\"https:\/\/pruebavitoria.es\/\",\"name\":\"PRUEBA VITORIA GRAN FONDO\",\"description\":\"21 Junio 2025\",\"publisher\":{\"@id\":\"https:\/\/pruebavitoria.es\/#organization\"},\"potentialAction\":[{\"@type\":\"SearchAction\",\"target\":{\"@type\":\"EntryPoint\",\"urlTemplate\":\"https:\/\/pruebavitoria.es\/?s={search_term_string}\"},\"query-input\":{\"@type\":\"PropertyValueSpecification\",\"valueRequired\":true,\"valueName\":\"search_term_string\"}}],\"inLanguage\":\"es\"},{\"@type\":\"Organization\",\"@id\":\"https:\/\/pruebavitoria.es\/#organization\",\"name\":\"PRUEBA VITORIA GRAN FONDO\",\"url\":\"https:\/\/pruebavitoria.es\/\",\"logo\":{\"@type\":\"ImageObject\",\"inLanguage\":\"es\",\"@id\":\"https:\/\/pruebavitoria.es\/#\/schema\/logo\/image\/\",\"url\":\"https:\/\/pruebavitoria.es\/wp-content\/uploads\/2022\/01\/cropped-cropped-LOGO-GRAN-FONDO-9.png\",\"contentUrl\":\"https:\/\/pruebavitoria.es\/wp-content\/uploads\/2022\/01\/cropped-cropped-LOGO-GRAN-FONDO-9.png\",\"width\":512,\"height\":512,\"caption\":\"PRUEBA VITORIA GRAN FONDO\"},\"image\":{\"@id\":\"https:\/\/pruebavitoria.es\/#\/schema\/logo\/image\/\"},\"sameAs\":[\"https:\/\/www.facebook.com\/pruebaciclistavitoria\/?_rdr\",\"https:\/\/www.instagram.com\/pruebaciclistavitoria\/?hl=es\"]},{\"@type\":\"Person\",\"@id\":\"https:\/\/pruebavitoria.es\/#\/schema\/person\/a520031cf45ebb69c7b4af71f46dbc5f\",\"name\":\"vitoria\",\"image\":{\"@type\":\"ImageObject\",\"inLanguage\":\"es\",\"@id\":\"https:\/\/pruebavitoria.es\/#\/schema\/person\/image\/\",\"url\":\"https:\/\/secure.gravatar.com\/avatar\/d8182c164753d9f3762b194b27a9ed7a7a0981ff375795d0a06f19249086055a?s=96&d=mm&r=g\",\"contentUrl\":\"https:\/\/secure.gravatar.com\/avatar\/d8182c164753d9f3762b194b27a9ed7a7a0981ff375795d0a06f19249086055a?s=96&d=mm&r=g\",\"caption\":\"vitoria\"},\"sameAs\":[\"http:\/\/new.pruebavitoria.es\"],\"url\":\"https:\/\/pruebavitoria.es\/es\/author\/vitoria\/\"}]}<\/script>\n<!-- \/ Yoast SEO plugin. -->","yoast_head_json":{"title":"La Prueba Ciclista VITORIA, celebra el 22 de junio su 42\u00aa edici\u00f3n - Prueba Vitoria GRAN FONDO 2025","description":"Inscripciones abiertas para el evento de ciclismo Prueba Cicloturista Vitoria 2023. Uno de los eventos del a\u00f1o en \u00c1lava y Euskadi.","robots":{"index":"index","follow":"follow","max-snippet":"max-snippet:-1","max-image-preview":"max-image-preview:large","max-video-preview":"max-video-preview:-1"},"canonical":"https:\/\/pruebavitoria.es\/es\/2024\/05\/09\/la-prueba-ciclista-vitoria-celebra-el-22-de-junio-su-42a-edicion\/","og_locale":"es_ES","og_type":"article","og_title":"La Prueba Ciclista VITORIA, celebra el 22 de junio su 42\u00aa edici\u00f3n - Prueba Vitoria GRAN FONDO 2025","og_description":"Inscripciones abiertas para el evento de ciclismo Prueba Cicloturista Vitoria 2023. Uno de los eventos del a\u00f1o en \u00c1lava y Euskadi.","og_url":"https:\/\/pruebavitoria.es\/es\/2024\/05\/09\/la-prueba-ciclista-vitoria-celebra-el-22-de-junio-su-42a-edicion\/","og_site_name":"Prueba Vitoria GRAN FONDO 2025","article_publisher":"https:\/\/www.facebook.com\/pruebaciclistavitoria\/?_rdr","article_published_time":"2024-05-09T08:41:48+00:00","article_modified_time":"2024-05-13T09:35:29+00:00","og_image":[{"width":1258,"height":932,"url":"https:\/\/pruebavitoria.es\/wp-content\/uploads\/2024\/05\/Prueba_Vitoria_Cicloturista_2024-presentacion.png","type":"image\/png"}],"author":"vitoria","twitter_card":"summary_large_image","twitter_misc":{"Escrito por":"vitoria","Tiempo de lectura":"4 minutos"},"schema":{"@context":"https:\/\/schema.org","@graph":[{"@type":"Article","@id":"https:\/\/pruebavitoria.es\/2024\/05\/09\/la-prueba-ciclista-vitoria-celebra-el-22-de-junio-su-42a-edicion\/#article","isPartOf":{"@id":"https:\/\/pruebavitoria.es\/2024\/05\/09\/la-prueba-ciclista-vitoria-celebra-el-22-de-junio-su-42a-edicion\/"},"author":{"name":"vitoria","@id":"https:\/\/pruebavitoria.es\/#\/schema\/person\/a520031cf45ebb69c7b4af71f46dbc5f"},"headline":"La Prueba Ciclista VITORIA, celebra el 22 de junio su 42\u00aa edici\u00f3n","datePublished":"2024-05-09T08:41:48+00:00","dateModified":"2024-05-13T09:35:29+00:00","mainEntityOfPage":{"@id":"https:\/\/pruebavitoria.es\/2024\/05\/09\/la-prueba-ciclista-vitoria-celebra-el-22-de-junio-su-42a-edicion\/"},"wordCount":833,"publisher":{"@id":"https:\/\/pruebavitoria.es\/#organization"},"image":{"@id":"https:\/\/pruebavitoria.es\/2024\/05\/09\/la-prueba-ciclista-vitoria-celebra-el-22-de-junio-su-42a-edicion\/#primaryimage"},"thumbnailUrl":"https:\/\/pruebavitoria.es\/wp-content\/uploads\/2024\/05\/Prueba_Vitoria_Cicloturista_2024-presentacion.png","keywords":["bici","ciclismo","pruebacicloturista","viotira"],"inLanguage":"es"},{"@type":"WebPage","@id":"https:\/\/pruebavitoria.es\/2024\/05\/09\/la-prueba-ciclista-vitoria-celebra-el-22-de-junio-su-42a-edicion\/","url":"https:\/\/pruebavitoria.es\/2024\/05\/09\/la-prueba-ciclista-vitoria-celebra-el-22-de-junio-su-42a-edicion\/","name":"La Prueba Ciclista VITORIA, celebra el 22 de junio su 42\u00aa edici\u00f3n - Prueba Vitoria GRAN FONDO 2025","isPartOf":{"@id":"https:\/\/pruebavitoria.es\/#website"},"primaryImageOfPage":{"@id":"https:\/\/pruebavitoria.es\/2024\/05\/09\/la-prueba-ciclista-vitoria-celebra-el-22-de-junio-su-42a-edicion\/#primaryimage"},"image":{"@id":"https:\/\/pruebavitoria.es\/2024\/05\/09\/la-prueba-ciclista-vitoria-celebra-el-22-de-junio-su-42a-edicion\/#primaryimage"},"thumbnailUrl":"https:\/\/pruebavitoria.es\/wp-content\/uploads\/2024\/05\/Prueba_Vitoria_Cicloturista_2024-presentacion.png","datePublished":"2024-05-09T08:41:48+00:00","dateModified":"2024-05-13T09:35:29+00:00","description":"Inscripciones abiertas para el evento de ciclismo Prueba Cicloturista Vitoria 2023. Uno de los eventos del a\u00f1o en \u00c1lava y Euskadi.","breadcrumb":{"@id":"https:\/\/pruebavitoria.es\/2024\/05\/09\/la-prueba-ciclista-vitoria-celebra-el-22-de-junio-su-42a-edicion\/#breadcrumb"},"inLanguage":"es","potentialAction":[{"@type":"ReadAction","target":["https:\/\/pruebavitoria.es\/2024\/05\/09\/la-prueba-ciclista-vitoria-celebra-el-22-de-junio-su-42a-edicion\/"]}]},{"@type":"ImageObject","inLanguage":"es","@id":"https:\/\/pruebavitoria.es\/2024\/05\/09\/la-prueba-ciclista-vitoria-celebra-el-22-de-junio-su-42a-edicion\/#primaryimage","url":"https:\/\/pruebavitoria.es\/wp-content\/uploads\/2024\/05\/Prueba_Vitoria_Cicloturista_2024-presentacion.png","contentUrl":"https:\/\/pruebavitoria.es\/wp-content\/uploads\/2024\/05\/Prueba_Vitoria_Cicloturista_2024-presentacion.png","width":1258,"height":932},{"@type":"BreadcrumbList","@id":"https:\/\/pruebavitoria.es\/2024\/05\/09\/la-prueba-ciclista-vitoria-celebra-el-22-de-junio-su-42a-edicion\/#breadcrumb","itemListElement":[{"@type":"ListItem","position":1,"name":"Portada","item":"https:\/\/pruebavitoria.es\/"},{"@type":"ListItem","position":2,"name":"La Prueba Ciclista VITORIA, celebra el 22 de junio su 42\u00aa edici\u00f3n"}]},{"@type":"WebSite","@id":"https:\/\/pruebavitoria.es\/#website","url":"https:\/\/pruebavitoria.es\/","name":"PRUEBA VITORIA GRAN FONDO","description":"21 Junio 2025","publisher":{"@id":"https:\/\/pruebavitoria.es\/#organization"},"potentialAction":[{"@type":"SearchAction","target":{"@type":"EntryPoint","urlTemplate":"https:\/\/pruebavitoria.es\/?s={search_term_string}"},"query-input":{"@type":"PropertyValueSpecification","valueRequired":true,"valueName":"search_term_string"}}],"inLanguage":"es"},{"@type":"Organization","@id":"https:\/\/pruebavitoria.es\/#organization","name":"PRUEBA VITORIA GRAN FONDO","url":"https:\/\/pruebavitoria.es\/","logo":{"@type":"ImageObject","inLanguage":"es","@id":"https:\/\/pruebavitoria.es\/#\/schema\/logo\/image\/","url":"https:\/\/pruebavitoria.es\/wp-content\/uploads\/2022\/01\/cropped-cropped-LOGO-GRAN-FONDO-9.png","contentUrl":"https:\/\/pruebavitoria.es\/wp-content\/uploads\/2022\/01\/cropped-cropped-LOGO-GRAN-FONDO-9.png","width":512,"height":512,"caption":"PRUEBA VITORIA GRAN FONDO"},"image":{"@id":"https:\/\/pruebavitoria.es\/#\/schema\/logo\/image\/"},"sameAs":["https:\/\/www.facebook.com\/pruebaciclistavitoria\/?_rdr","https:\/\/www.instagram.com\/pruebaciclistavitoria\/?hl=es"]},{"@type":"Person","@id":"https:\/\/pruebavitoria.es\/#\/schema\/person\/a520031cf45ebb69c7b4af71f46dbc5f","name":"vitoria","image":{"@type":"ImageObject","inLanguage":"es","@id":"https:\/\/pruebavitoria.es\/#\/schema\/person\/image\/","url":"https:\/\/secure.gravatar.com\/avatar\/d8182c164753d9f3762b194b27a9ed7a7a0981ff375795d0a06f19249086055a?s=96&d=mm&r=g","contentUrl":"https:\/\/secure.gravatar.com\/avatar\/d8182c164753d9f3762b194b27a9ed7a7a0981ff375795d0a06f19249086055a?s=96&d=mm&r=g","caption":"vitoria"},"sameAs":["http:\/\/new.pruebavitoria.es"],"url":"https:\/\/pruebavitoria.es\/es\/author\/vitoria\/"}]}},"_links":{"self":[{"href":"https:\/\/pruebavitoria.es\/es\/wp-json\/wp\/v2\/posts\/3815","targetHints":{"allow":["GET"]}}],"collection":[{"href":"https:\/\/pruebavitoria.es\/es\/wp-json\/wp\/v2\/posts"}],"about":[{"href":"https:\/\/pruebavitoria.es\/es\/wp-json\/wp\/v2\/types\/post"}],"author":[{"embeddable":true,"href":"https:\/\/pruebavitoria.es\/es\/wp-json\/wp\/v2\/users\/1"}],"replies":[{"embeddable":true,"href":"https:\/\/pruebavitoria.es\/es\/wp-json\/wp\/v2\/comments?post=3815"}],"version-history":[{"count":13,"href":"https:\/\/pruebavitoria.es\/es\/wp-json\/wp\/v2\/posts\/3815\/revisions"}],"predecessor-version":[{"id":3835,"href":"https:\/\/pruebavitoria.es\/es\/wp-json\/wp\/v2\/posts\/3815\/revisions\/3835"}],"wp:featuredmedia":[{"embeddable":true,"href":"https:\/\/pruebavitoria.es\/es\/wp-json\/wp\/v2\/media\/3827"}],"wp:attachment":[{"href":"https:\/\/pruebavitoria.es\/es\/wp-json\/wp\/v2\/media?parent=3815"}],"wp:term":[{"taxonomy":"category","embeddable":true,"href":"https:\/\/pruebavitoria.es\/es\/wp-json\/wp\/v2\/categories?post=3815"},{"taxonomy":"post_tag","embeddable":true,"href":"https:\/\/pruebavitoria.es\/es\/wp-json\/wp\/v2\/tags?post=3815"}],"curies":[{"name":"wp","href":"https:\/\/api.w.org\/{rel}","templated":true}]}}