{"id":3149,"date":"2023-06-28T14:18:00","date_gmt":"2023-06-28T14:18:00","guid":{"rendered":"https:\/\/pruebavitoria.es\/?p=3149"},"modified":"2023-06-29T15:11:40","modified_gmt":"2023-06-29T15:11:40","slug":"menos-de-200-plazas-para-cerrar-inscripciones-en-prueba-vitoria-cloned-3091","status":"publish","type":"post","link":"https:\/\/pruebavitoria.es\/es\/2023\/06\/28\/menos-de-200-plazas-para-cerrar-inscripciones-en-prueba-vitoria-cloned-3091\/","title":{"rendered":"Sold out y r\u00e9cord de participaci\u00f3n en Prueba Vitoria"},"content":{"rendered":"\t\t<div data-elementor-type=\"wp-post\" data-elementor-id=\"3149\" class=\"elementor elementor-3149\" data-elementor-settings=\"{&quot;ha_cmc_init_switcher&quot;:&quot;no&quot;}\" data-elementor-post-type=\"post\">\n\t\t\t\t\t\t<section class=\"elementor-section elementor-top-section elementor-element elementor-element-d8daf40 elementor-section-boxed elementor-section-height-default elementor-section-height-default\" data-id=\"d8daf40\" data-element_type=\"section\" data-e-type=\"section\" data-settings=\"{&quot;_ha_eqh_enable&quot;:false}\">\n\t\t\t\t\t\t<div class=\"elementor-container elementor-column-gap-default\">\n\t\t\t\t\t<div class=\"elementor-column elementor-col-100 elementor-top-column elementor-element elementor-element-ff6caab\" data-id=\"ff6caab\" data-element_type=\"column\" data-e-type=\"column\">\n\t\t\t<div class=\"elementor-widget-wrap elementor-element-populated\">\n\t\t\t\t\t\t<div class=\"elementor-element elementor-element-c3be6b6 elementor-widget elementor-widget-text-editor\" data-id=\"c3be6b6\" data-element_type=\"widget\" data-e-type=\"widget\" data-widget_type=\"text-editor.default\">\n\t\t\t\t<div class=\"elementor-widget-container\">\n\t\t\t\t\t\t\t\t\t<div class=\"page\" title=\"Page 1\"><div class=\"layoutArea\"><div class=\"column\"><p style=\"font-weight: 400; text-align: center;\"><em>Los 1.000 participantes de la prueba cicloturista, que forma parte del Grand D\u00e9part Pays Basque 2023, saldr\u00e1n a las 8:30 desde Mendizorroza. <\/em><\/p><p style=\"font-weight: 400;\">La 41\u00aa edici\u00f3n de Prueba Vitoria bate r\u00e9cord de participaci\u00f3n con 1.000 cicloturistas que disfrutar\u00e1n por las carreteras alavesas, en las distancias de 180 y 100 km. La fiesta de la bicicleta, de este pr\u00f3ximo s\u00e1bado 24 de junio, arrancar\u00e1 a las 8:30 de la ma\u00f1ana desde el parking de Mendizorroza, y est\u00e1 enmarcada dentro del Grand D\u00e9part Pays Basque 2023, por lo que se va a convertir en una cita hist\u00f3rica y diferente.<\/p><p style=\"font-weight: 400;\">Previo al pistoletazo de salida se va a guardar un minuto de silencio en recuerdo de Jes\u00fas Ibisate, uno de los fundadores de la Sociedad Ciclista Vitoriana y creador de la Prueba Vitoria. Adem\u00e1s, esta especial edici\u00f3n va a servir como reconocimiento a algunos de los mejores ciclistas alaveses que han participado en el Tour de Francia en su trayectoria como profesionales.<\/p><p style=\"font-weight: 400;\">La cita alavesa va a contar con participantes de 4 pa\u00edses y un 22,6% de cicloturistas llegar\u00e1n de fuera de Euskadi. Mientras, la distancia mayoritariamente elegida, por un 57,6% de los participantes, son 100 km. Un dato significativo es el aumento de <strong>presencia de mujeres<\/strong>, que con respecto a otras ediciones<strong> se duplica<\/strong>, pasando del 4% al 8%.<\/p><p style=\"font-weight: 400;\"><strong>Recorridos y un maillot \u00fanico<\/strong><\/p><p style=\"font-weight: 400;\">El maillot de los participantes en la m\u00edtica prueba, impulsada por la Sociedad Ciclista Vitoriana, ser\u00e1 amarillo en comuni\u00f3n con la vuelta gala, para que las y los participantes puedan lucir unas prendas exclusivas de este hito hist\u00f3rico.<\/p><p style=\"font-weight: 400;\">En cuanto al desarrollo deportivo de Prueba Vitoria, va a haber dos circuitos: uno de 180 kil\u00f3metros con un desnivel positivo de 2.900 metros; y el segundo, m\u00e1s asequible, con un trazado de 100 kil\u00f3metros con un desnivel positivo de 1.150 metros. Ambos recorren paisajes espectaculares.\u00a0<\/p><p style=\"font-weight: 400;\">Las y los primeros cicloturistas en llegar lo har\u00e1n entorno a las 12:06 horas del mediod\u00eda, ser\u00e1n los del recorrido de 100 km, mientras que las y los de la distancia larga de 180 km lo har\u00e1n alrededor de las 14:58 horas. Sin embargo, la prueba se alargar\u00e1 hasta las 16:46 horas, como tiempo l\u00edmite en el que cruzar\u00e1n la l\u00ednea de meta las y los \u00faltimos participantes.<\/p><p style=\"font-weight: 400;\">Por el buen desarrollo de la marcha, habr\u00e1 una velocidad m\u00e1xima de 30 km\/h y una m\u00ednima de 23 km\/h. A su vez se han marcado tiempos de corte, a la 11:56 a la altura del kil\u00f3metro 73,6 en Maeztu y 14:11, en el kil\u00f3metro 123,8 a la altura del Alto de Herrera, donde adem\u00e1s est\u00e1n situados dos de los puntos de avituallamiento en el que se podr\u00e1 encontrar l\u00edquido y s\u00f3lido para reponer fuerzas.<\/p><p style=\"font-weight: 400;\">A estos hay que sumar 4 avituallamientos m\u00e1s, s\u00f3lo con l\u00edquido, en los kil\u00f3metros 50, 97 y 150 a la altura de Agurain, La Aldea y Alto de Portilla respectivamente. Mientras que el \u00faltimo se encontrar\u00e1 en la l\u00ednea de meta en el parking de Mendizorroza.<\/p><p style=\"font-weight: 400;\">Todos los participantes recibir\u00e1n un gymbag del Grand D\u00e9part Pays Basque 2023, que incluye: maillot SANTINI, las pegatinas de dorsal para bicicleta y casco, la pulsera acreditativa del evento y geles. Adem\u00e1s, gozar\u00e1n de catering post-meta y otros servicios como la consigna en la que podr\u00e1n dejar sus pertenencias mientras est\u00e1n en la disputa de la prueba, as\u00ed como duchas y vestuarios a su disposici\u00f3n en el complejo de Frontones Beti Jai, previos al inicio y en la finalizaci\u00f3n de la misma.<\/p><p style=\"font-weight: 400;\"><strong>Nombres relevantes en el pelot\u00f3n<\/strong><\/p><p style=\"font-weight: 400;\">En el pelot\u00f3n estar\u00e1n presentes algunos de los ciclistas alaveses que han llegado a ser profesionales con participaci\u00f3n en el Tour de Francia. As\u00ed volver\u00e1n a ponerse el maillot amarillo representativo de esta 41\u00aa edici\u00f3n de Prueba Vitoria; Manu Murga S\u00e1enz de Ormijana, ganador de una etapa ciclista en la Vuelta a Espa\u00f1a en 1981, y profesional entre 1980 y 1990, Ricardo Garc\u00eda Ambroa, con diez a\u00f1os como profesional a sus espaldas y enrolado en las filas de Euskaltel Euskadi en 2012 y 2013, Javier Mauleon Unsuain, profesional entre 1988 y 1998, con 3 destacadas victorias en su trayectoria como profesional.\u00a0\u00a0<\/p><p style=\"font-weight: 400;\">Junto a estos tambi\u00e9n estar\u00e1n Luis Mar\u00eda D\u00edaz de Otazu Galarza, que pas\u00f3 por las filas del Kas, Seur y Once entre 1988 y 1998, Rafael Ladr\u00f3n de Guevara Ortiz de Urbina, profesional entre 1977 y 1983, pasando por las filas del Kas y Kelme, entre otros.<\/p><p style=\"font-weight: 400;\">Mientras los dos ciclistas m\u00e1s reconocidos que tomar\u00e1n la salida de este pr\u00f3ximo s\u00e1bado 24 de junio ser\u00e1n Jes\u00fas Ignacio Ib\u00e1\u00f1ez de Elejalde Loyo, profesional entre 1983 y 1989, haci\u00e9ndose con el campeonato de Espa\u00f1a en Ruta en 1984 y una etapa de la Vuelta a Espa\u00f1a en 1987, e Igor Gonz\u00e1lez de Galdeano, profesional entre 1983 y 2005, con un destacado palmar\u00e9s como subcampe\u00f3n en la vuelta a Espa\u00f1a de 1999, campe\u00f3n de Espa\u00f1a de contrarreloj en 2022, y dos quintos puestos en los Tours de Francia de 2001 y 2002, portando el maillot amarillo de l\u00edder durante 6 d\u00edas en este \u00faltimo.<\/p><p style=\"font-weight: 400;\">Para m\u00e1s informaci\u00f3n del evento se han activado las siguientes redes sociales y p\u00e1gina web:<\/p><p style=\"font-weight: 400;\"><a href=\"http:\/\/www.pruebavitoria.es\/\">www.pruebavitoria.es<\/a><\/p><p style=\"font-weight: 400;\"><a href=\"https:\/\/www.instagram.com\/pruebaciclistavitoria\/?hl=es\">Facebook<\/a>\u00a0<a href=\"https:\/\/www.instagram.com\/pruebaciclistavitoria\/?hl=es\">Instagram\u00a0<\/a><\/p><\/div><\/div><\/div>\t\t\t\t\t\t\t\t<\/div>\n\t\t\t\t<\/div>\n\t\t\t\t\t<\/div>\n\t\t<\/div>\n\t\t\t\t\t<\/div>\n\t\t<\/section>\n\t\t\t\t<section class=\"elementor-section elementor-top-section elementor-element elementor-element-cf3f419 elementor-section-boxed elementor-section-height-default elementor-section-height-default\" data-id=\"cf3f419\" data-element_type=\"section\" data-e-type=\"section\" data-settings=\"{&quot;_ha_eqh_enable&quot;:false}\">\n\t\t\t\t\t\t<div class=\"elementor-container elementor-column-gap-default\">\n\t\t\t\t\t<div class=\"elementor-column elementor-col-100 elementor-top-column elementor-element elementor-element-100a7ce\" data-id=\"100a7ce\" data-element_type=\"column\" data-e-type=\"column\">\n\t\t\t<div class=\"elementor-widget-wrap elementor-element-populated\">\n\t\t\t\t\t\t<div class=\"elementor-element elementor-element-add7281 elementor-widget elementor-widget-image\" data-id=\"add7281\" data-element_type=\"widget\" data-e-type=\"widget\" data-widget_type=\"image.default\">\n\t\t\t\t<div class=\"elementor-widget-container\">\n\t\t\t\t\t\t\t\t\t\t\t\t\t\t\t<img fetchpriority=\"high\" decoding=\"async\" width=\"1024\" height=\"545\" src=\"https:\/\/pruebavitoria.es\/wp-content\/uploads\/2022\/12\/Prueba_Cicloturista_Vitoria_3-1024x545.png\" class=\"attachment-large size-large wp-image-2296\" alt=\"Prueba cicloturista Vitoria\" srcset=\"https:\/\/pruebavitoria.es\/wp-content\/uploads\/2022\/12\/Prueba_Cicloturista_Vitoria_3-1024x545.png 1024w, https:\/\/pruebavitoria.es\/wp-content\/uploads\/2022\/12\/Prueba_Cicloturista_Vitoria_3-300x160.png 300w, https:\/\/pruebavitoria.es\/wp-content\/uploads\/2022\/12\/Prueba_Cicloturista_Vitoria_3-768x409.png 768w, https:\/\/pruebavitoria.es\/wp-content\/uploads\/2022\/12\/Prueba_Cicloturista_Vitoria_3-1536x817.png 1536w, https:\/\/pruebavitoria.es\/wp-content\/uploads\/2022\/12\/Prueba_Cicloturista_Vitoria_3-2048x1090.png 2048w\" sizes=\"(max-width: 1024px) 100vw, 1024px\" \/>\t\t\t\t\t\t\t\t\t\t\t\t\t\t\t<\/div>\n\t\t\t\t<\/div>\n\t\t\t\t\t<\/div>\n\t\t<\/div>\n\t\t\t\t\t<\/div>\n\t\t<\/section>\n\t\t\t\t<\/div>\n\t\t","protected":false},"excerpt":{"rendered":"<p>Los 1.000 participantes de la prueba cicloturista, que forma parte del Grand D\u00e9part Pays Basque 2023, saldr\u00e1n a las 8:30 desde Mendizorroza. <\/p>\n","protected":false},"author":1,"featured_media":3153,"comment_status":"closed","ping_status":"closed","sticky":false,"template":"","format":"standard","meta":{"site-sidebar-layout":"default","site-content-layout":"","ast-site-content-layout":"default","site-content-style":"default","site-sidebar-style":"default","ast-global-header-display":"","ast-banner-title-visibility":"","ast-main-header-display":"","ast-hfb-above-header-display":"","ast-hfb-below-header-display":"","ast-hfb-mobile-header-display":"","site-post-title":"","ast-breadcrumbs-content":"","ast-featured-img":"","footer-sml-layout":"","ast-disable-related-posts":"","theme-transparent-header-meta":"","adv-header-id-meta":"","stick-header-meta":"","header-above-stick-meta":"","header-main-stick-meta":"","header-below-stick-meta":"","astra-migrate-meta-layouts":"default","ast-page-background-enabled":"default","ast-page-background-meta":{"desktop":{"background-color":"var(--ast-global-color-4)","background-image":"","background-repeat":"repeat","background-position":"center center","background-size":"auto","background-attachment":"scroll","background-type":"","background-media":"","overlay-type":"","overlay-color":"","overlay-opacity":"","overlay-gradient":""},"tablet":{"background-color":"","background-image":"","background-repeat":"repeat","background-position":"center center","background-size":"auto","background-attachment":"scroll","background-type":"","background-media":"","overlay-type":"","overlay-color":"","overlay-opacity":"","overlay-gradient":""},"mobile":{"background-color":"","background-image":"","background-repeat":"repeat","background-position":"center center","background-size":"auto","background-attachment":"scroll","background-type":"","background-media":"","overlay-type":"","overlay-color":"","overlay-opacity":"","overlay-gradient":""}},"ast-content-background-meta":{"desktop":{"background-color":"var(--ast-global-color-5)","background-image":"","background-repeat":"repeat","background-position":"center center","background-size":"auto","background-attachment":"scroll","background-type":"","background-media":"","overlay-type":"","overlay-color":"","overlay-opacity":"","overlay-gradient":""},"tablet":{"background-color":"var(--ast-global-color-5)","background-image":"","background-repeat":"repeat","background-position":"center center","background-size":"auto","background-attachment":"scroll","background-type":"","background-media":"","overlay-type":"","overlay-color":"","overlay-opacity":"","overlay-gradient":""},"mobile":{"background-color":"var(--ast-global-color-5)","background-image":"","background-repeat":"repeat","background-position":"center center","background-size":"auto","background-attachment":"scroll","background-type":"","background-media":"","overlay-type":"","overlay-color":"","overlay-opacity":"","overlay-gradient":""}},"footnotes":""},"categories":[1],"tags":[],"class_list":["post-3149","post","type-post","status-publish","format-standard","has-post-thumbnail","hentry","category-sin-categoria"],"yoast_head":"<!-- This site is optimized with the Yoast SEO plugin v26.6 - https:\/\/yoast.com\/wordpress\/plugins\/seo\/ -->\n<title>Sold out y r\u00e9cord de participaci\u00f3n en Prueba Vitoria - Prueba Vitoria GRAN FONDO 2025<\/title>\n<meta name=\"description\" content=\"Los 1.000 participantes de la prueba cicloturista, que forma parte del Grand D\u00e9part Pays Basque 2023, saldr\u00e1n a las 8:30 desde Mendizorroza\" \/>\n<meta name=\"robots\" content=\"index, follow, max-snippet:-1, max-image-preview:large, max-video-preview:-1\" \/>\n<link rel=\"canonical\" href=\"https:\/\/pruebavitoria.es\/es\/2023\/06\/28\/menos-de-200-plazas-para-cerrar-inscripciones-en-prueba-vitoria-cloned-3091\/\" \/>\n<meta property=\"og:locale\" content=\"es_ES\" \/>\n<meta property=\"og:type\" content=\"article\" \/>\n<meta property=\"og:title\" content=\"Sold out y r\u00e9cord de participaci\u00f3n en Prueba Vitoria - Prueba Vitoria GRAN FONDO 2025\" \/>\n<meta property=\"og:description\" content=\"Los 1.000 participantes de la prueba cicloturista, que forma parte del Grand D\u00e9part Pays Basque 2023, saldr\u00e1n a las 8:30 desde Mendizorroza\" \/>\n<meta property=\"og:url\" content=\"https:\/\/pruebavitoria.es\/es\/2023\/06\/28\/menos-de-200-plazas-para-cerrar-inscripciones-en-prueba-vitoria-cloned-3091\/\" \/>\n<meta property=\"og:site_name\" content=\"Prueba Vitoria GRAN FONDO 2025\" \/>\n<meta property=\"article:publisher\" content=\"https:\/\/www.facebook.com\/pruebaciclistavitoria\/?_rdr\" \/>\n<meta property=\"article:published_time\" content=\"2023-06-28T14:18:00+00:00\" \/>\n<meta property=\"article:modified_time\" content=\"2023-06-29T15:11:40+00:00\" \/>\n<meta property=\"og:image\" content=\"https:\/\/pruebavitoria.es\/wp-content\/uploads\/2023\/06\/Prueba_cicloturista_vitoria_\u00a9quieromisfotos.com_130-scaled.jpg\" \/>\n\t<meta property=\"og:image:width\" content=\"2560\" \/>\n\t<meta property=\"og:image:height\" content=\"1707\" \/>\n\t<meta property=\"og:image:type\" content=\"image\/jpeg\" \/>\n<meta name=\"author\" content=\"vitoria\" \/>\n<meta name=\"twitter:card\" content=\"summary_large_image\" \/>\n<meta name=\"twitter:label1\" content=\"Escrito por\" \/>\n\t<meta name=\"twitter:data1\" content=\"vitoria\" \/>\n\t<meta name=\"twitter:label2\" content=\"Tiempo de lectura\" \/>\n\t<meta name=\"twitter:data2\" content=\"5 minutos\" \/>\n<script type=\"application\/ld+json\" class=\"yoast-schema-graph\">{\"@context\":\"https:\/\/schema.org\",\"@graph\":[{\"@type\":\"Article\",\"@id\":\"https:\/\/pruebavitoria.es\/2023\/06\/28\/menos-de-200-plazas-para-cerrar-inscripciones-en-prueba-vitoria-cloned-3091\/#article\",\"isPartOf\":{\"@id\":\"https:\/\/pruebavitoria.es\/2023\/06\/28\/menos-de-200-plazas-para-cerrar-inscripciones-en-prueba-vitoria-cloned-3091\/\"},\"author\":{\"name\":\"vitoria\",\"@id\":\"https:\/\/pruebavitoria.es\/#\/schema\/person\/a520031cf45ebb69c7b4af71f46dbc5f\"},\"headline\":\"Sold out y r\u00e9cord de participaci\u00f3n en Prueba Vitoria\",\"datePublished\":\"2023-06-28T14:18:00+00:00\",\"dateModified\":\"2023-06-29T15:11:40+00:00\",\"mainEntityOfPage\":{\"@id\":\"https:\/\/pruebavitoria.es\/2023\/06\/28\/menos-de-200-plazas-para-cerrar-inscripciones-en-prueba-vitoria-cloned-3091\/\"},\"wordCount\":896,\"publisher\":{\"@id\":\"https:\/\/pruebavitoria.es\/#organization\"},\"image\":{\"@id\":\"https:\/\/pruebavitoria.es\/2023\/06\/28\/menos-de-200-plazas-para-cerrar-inscripciones-en-prueba-vitoria-cloned-3091\/#primaryimage\"},\"thumbnailUrl\":\"https:\/\/pruebavitoria.es\/wp-content\/uploads\/2023\/06\/Prueba_cicloturista_vitoria_\u00a9quieromisfotos.com_130-scaled.jpg\",\"inLanguage\":\"es\"},{\"@type\":\"WebPage\",\"@id\":\"https:\/\/pruebavitoria.es\/2023\/06\/28\/menos-de-200-plazas-para-cerrar-inscripciones-en-prueba-vitoria-cloned-3091\/\",\"url\":\"https:\/\/pruebavitoria.es\/2023\/06\/28\/menos-de-200-plazas-para-cerrar-inscripciones-en-prueba-vitoria-cloned-3091\/\",\"name\":\"Sold out y r\u00e9cord de participaci\u00f3n en Prueba Vitoria - Prueba Vitoria GRAN FONDO 2025\",\"isPartOf\":{\"@id\":\"https:\/\/pruebavitoria.es\/#website\"},\"primaryImageOfPage\":{\"@id\":\"https:\/\/pruebavitoria.es\/2023\/06\/28\/menos-de-200-plazas-para-cerrar-inscripciones-en-prueba-vitoria-cloned-3091\/#primaryimage\"},\"image\":{\"@id\":\"https:\/\/pruebavitoria.es\/2023\/06\/28\/menos-de-200-plazas-para-cerrar-inscripciones-en-prueba-vitoria-cloned-3091\/#primaryimage\"},\"thumbnailUrl\":\"https:\/\/pruebavitoria.es\/wp-content\/uploads\/2023\/06\/Prueba_cicloturista_vitoria_\u00a9quieromisfotos.com_130-scaled.jpg\",\"datePublished\":\"2023-06-28T14:18:00+00:00\",\"dateModified\":\"2023-06-29T15:11:40+00:00\",\"description\":\"Los 1.000 participantes de la prueba cicloturista, que forma parte del Grand D\u00e9part Pays Basque 2023, saldr\u00e1n a las 8:30 desde Mendizorroza\",\"breadcrumb\":{\"@id\":\"https:\/\/pruebavitoria.es\/2023\/06\/28\/menos-de-200-plazas-para-cerrar-inscripciones-en-prueba-vitoria-cloned-3091\/#breadcrumb\"},\"inLanguage\":\"es\",\"potentialAction\":[{\"@type\":\"ReadAction\",\"target\":[\"https:\/\/pruebavitoria.es\/2023\/06\/28\/menos-de-200-plazas-para-cerrar-inscripciones-en-prueba-vitoria-cloned-3091\/\"]}]},{\"@type\":\"ImageObject\",\"inLanguage\":\"es\",\"@id\":\"https:\/\/pruebavitoria.es\/2023\/06\/28\/menos-de-200-plazas-para-cerrar-inscripciones-en-prueba-vitoria-cloned-3091\/#primaryimage\",\"url\":\"https:\/\/pruebavitoria.es\/wp-content\/uploads\/2023\/06\/Prueba_cicloturista_vitoria_\u00a9quieromisfotos.com_130-scaled.jpg\",\"contentUrl\":\"https:\/\/pruebavitoria.es\/wp-content\/uploads\/2023\/06\/Prueba_cicloturista_vitoria_\u00a9quieromisfotos.com_130-scaled.jpg\",\"width\":2560,\"height\":1707},{\"@type\":\"BreadcrumbList\",\"@id\":\"https:\/\/pruebavitoria.es\/2023\/06\/28\/menos-de-200-plazas-para-cerrar-inscripciones-en-prueba-vitoria-cloned-3091\/#breadcrumb\",\"itemListElement\":[{\"@type\":\"ListItem\",\"position\":1,\"name\":\"Portada\",\"item\":\"https:\/\/pruebavitoria.es\/\"},{\"@type\":\"ListItem\",\"position\":2,\"name\":\"Sold out y r\u00e9cord de participaci\u00f3n en Prueba Vitoria\"}]},{\"@type\":\"WebSite\",\"@id\":\"https:\/\/pruebavitoria.es\/#website\",\"url\":\"https:\/\/pruebavitoria.es\/\",\"name\":\"PRUEBA VITORIA GRAN FONDO\",\"description\":\"21 Junio 2025\",\"publisher\":{\"@id\":\"https:\/\/pruebavitoria.es\/#organization\"},\"potentialAction\":[{\"@type\":\"SearchAction\",\"target\":{\"@type\":\"EntryPoint\",\"urlTemplate\":\"https:\/\/pruebavitoria.es\/?s={search_term_string}\"},\"query-input\":{\"@type\":\"PropertyValueSpecification\",\"valueRequired\":true,\"valueName\":\"search_term_string\"}}],\"inLanguage\":\"es\"},{\"@type\":\"Organization\",\"@id\":\"https:\/\/pruebavitoria.es\/#organization\",\"name\":\"PRUEBA VITORIA GRAN FONDO\",\"url\":\"https:\/\/pruebavitoria.es\/\",\"logo\":{\"@type\":\"ImageObject\",\"inLanguage\":\"es\",\"@id\":\"https:\/\/pruebavitoria.es\/#\/schema\/logo\/image\/\",\"url\":\"https:\/\/pruebavitoria.es\/wp-content\/uploads\/2022\/01\/cropped-cropped-LOGO-GRAN-FONDO-9.png\",\"contentUrl\":\"https:\/\/pruebavitoria.es\/wp-content\/uploads\/2022\/01\/cropped-cropped-LOGO-GRAN-FONDO-9.png\",\"width\":512,\"height\":512,\"caption\":\"PRUEBA VITORIA GRAN FONDO\"},\"image\":{\"@id\":\"https:\/\/pruebavitoria.es\/#\/schema\/logo\/image\/\"},\"sameAs\":[\"https:\/\/www.facebook.com\/pruebaciclistavitoria\/?_rdr\",\"https:\/\/www.instagram.com\/pruebaciclistavitoria\/?hl=es\"]},{\"@type\":\"Person\",\"@id\":\"https:\/\/pruebavitoria.es\/#\/schema\/person\/a520031cf45ebb69c7b4af71f46dbc5f\",\"name\":\"vitoria\",\"image\":{\"@type\":\"ImageObject\",\"inLanguage\":\"es\",\"@id\":\"https:\/\/pruebavitoria.es\/#\/schema\/person\/image\/\",\"url\":\"https:\/\/secure.gravatar.com\/avatar\/d8182c164753d9f3762b194b27a9ed7a7a0981ff375795d0a06f19249086055a?s=96&d=mm&r=g\",\"contentUrl\":\"https:\/\/secure.gravatar.com\/avatar\/d8182c164753d9f3762b194b27a9ed7a7a0981ff375795d0a06f19249086055a?s=96&d=mm&r=g\",\"caption\":\"vitoria\"},\"sameAs\":[\"http:\/\/new.pruebavitoria.es\"],\"url\":\"https:\/\/pruebavitoria.es\/es\/author\/vitoria\/\"}]}<\/script>\n<!-- \/ Yoast SEO plugin. -->","yoast_head_json":{"title":"Sold out y r\u00e9cord de participaci\u00f3n en Prueba Vitoria - Prueba Vitoria GRAN FONDO 2025","description":"Los 1.000 participantes de la prueba cicloturista, que forma parte del Grand D\u00e9part Pays Basque 2023, saldr\u00e1n a las 8:30 desde Mendizorroza","robots":{"index":"index","follow":"follow","max-snippet":"max-snippet:-1","max-image-preview":"max-image-preview:large","max-video-preview":"max-video-preview:-1"},"canonical":"https:\/\/pruebavitoria.es\/es\/2023\/06\/28\/menos-de-200-plazas-para-cerrar-inscripciones-en-prueba-vitoria-cloned-3091\/","og_locale":"es_ES","og_type":"article","og_title":"Sold out y r\u00e9cord de participaci\u00f3n en Prueba Vitoria - Prueba Vitoria GRAN FONDO 2025","og_description":"Los 1.000 participantes de la prueba cicloturista, que forma parte del Grand D\u00e9part Pays Basque 2023, saldr\u00e1n a las 8:30 desde Mendizorroza","og_url":"https:\/\/pruebavitoria.es\/es\/2023\/06\/28\/menos-de-200-plazas-para-cerrar-inscripciones-en-prueba-vitoria-cloned-3091\/","og_site_name":"Prueba Vitoria GRAN FONDO 2025","article_publisher":"https:\/\/www.facebook.com\/pruebaciclistavitoria\/?_rdr","article_published_time":"2023-06-28T14:18:00+00:00","article_modified_time":"2023-06-29T15:11:40+00:00","og_image":[{"width":2560,"height":1707,"url":"https:\/\/pruebavitoria.es\/wp-content\/uploads\/2023\/06\/Prueba_cicloturista_vitoria_\u00a9quieromisfotos.com_130-scaled.jpg","type":"image\/jpeg"}],"author":"vitoria","twitter_card":"summary_large_image","twitter_misc":{"Escrito por":"vitoria","Tiempo de lectura":"5 minutos"},"schema":{"@context":"https:\/\/schema.org","@graph":[{"@type":"Article","@id":"https:\/\/pruebavitoria.es\/2023\/06\/28\/menos-de-200-plazas-para-cerrar-inscripciones-en-prueba-vitoria-cloned-3091\/#article","isPartOf":{"@id":"https:\/\/pruebavitoria.es\/2023\/06\/28\/menos-de-200-plazas-para-cerrar-inscripciones-en-prueba-vitoria-cloned-3091\/"},"author":{"name":"vitoria","@id":"https:\/\/pruebavitoria.es\/#\/schema\/person\/a520031cf45ebb69c7b4af71f46dbc5f"},"headline":"Sold out y r\u00e9cord de participaci\u00f3n en Prueba Vitoria","datePublished":"2023-06-28T14:18:00+00:00","dateModified":"2023-06-29T15:11:40+00:00","mainEntityOfPage":{"@id":"https:\/\/pruebavitoria.es\/2023\/06\/28\/menos-de-200-plazas-para-cerrar-inscripciones-en-prueba-vitoria-cloned-3091\/"},"wordCount":896,"publisher":{"@id":"https:\/\/pruebavitoria.es\/#organization"},"image":{"@id":"https:\/\/pruebavitoria.es\/2023\/06\/28\/menos-de-200-plazas-para-cerrar-inscripciones-en-prueba-vitoria-cloned-3091\/#primaryimage"},"thumbnailUrl":"https:\/\/pruebavitoria.es\/wp-content\/uploads\/2023\/06\/Prueba_cicloturista_vitoria_\u00a9quieromisfotos.com_130-scaled.jpg","inLanguage":"es"},{"@type":"WebPage","@id":"https:\/\/pruebavitoria.es\/2023\/06\/28\/menos-de-200-plazas-para-cerrar-inscripciones-en-prueba-vitoria-cloned-3091\/","url":"https:\/\/pruebavitoria.es\/2023\/06\/28\/menos-de-200-plazas-para-cerrar-inscripciones-en-prueba-vitoria-cloned-3091\/","name":"Sold out y r\u00e9cord de participaci\u00f3n en Prueba Vitoria - Prueba Vitoria GRAN FONDO 2025","isPartOf":{"@id":"https:\/\/pruebavitoria.es\/#website"},"primaryImageOfPage":{"@id":"https:\/\/pruebavitoria.es\/2023\/06\/28\/menos-de-200-plazas-para-cerrar-inscripciones-en-prueba-vitoria-cloned-3091\/#primaryimage"},"image":{"@id":"https:\/\/pruebavitoria.es\/2023\/06\/28\/menos-de-200-plazas-para-cerrar-inscripciones-en-prueba-vitoria-cloned-3091\/#primaryimage"},"thumbnailUrl":"https:\/\/pruebavitoria.es\/wp-content\/uploads\/2023\/06\/Prueba_cicloturista_vitoria_\u00a9quieromisfotos.com_130-scaled.jpg","datePublished":"2023-06-28T14:18:00+00:00","dateModified":"2023-06-29T15:11:40+00:00","description":"Los 1.000 participantes de la prueba cicloturista, que forma parte del Grand D\u00e9part Pays Basque 2023, saldr\u00e1n a las 8:30 desde Mendizorroza","breadcrumb":{"@id":"https:\/\/pruebavitoria.es\/2023\/06\/28\/menos-de-200-plazas-para-cerrar-inscripciones-en-prueba-vitoria-cloned-3091\/#breadcrumb"},"inLanguage":"es","potentialAction":[{"@type":"ReadAction","target":["https:\/\/pruebavitoria.es\/2023\/06\/28\/menos-de-200-plazas-para-cerrar-inscripciones-en-prueba-vitoria-cloned-3091\/"]}]},{"@type":"ImageObject","inLanguage":"es","@id":"https:\/\/pruebavitoria.es\/2023\/06\/28\/menos-de-200-plazas-para-cerrar-inscripciones-en-prueba-vitoria-cloned-3091\/#primaryimage","url":"https:\/\/pruebavitoria.es\/wp-content\/uploads\/2023\/06\/Prueba_cicloturista_vitoria_\u00a9quieromisfotos.com_130-scaled.jpg","contentUrl":"https:\/\/pruebavitoria.es\/wp-content\/uploads\/2023\/06\/Prueba_cicloturista_vitoria_\u00a9quieromisfotos.com_130-scaled.jpg","width":2560,"height":1707},{"@type":"BreadcrumbList","@id":"https:\/\/pruebavitoria.es\/2023\/06\/28\/menos-de-200-plazas-para-cerrar-inscripciones-en-prueba-vitoria-cloned-3091\/#breadcrumb","itemListElement":[{"@type":"ListItem","position":1,"name":"Portada","item":"https:\/\/pruebavitoria.es\/"},{"@type":"ListItem","position":2,"name":"Sold out y r\u00e9cord de participaci\u00f3n en Prueba Vitoria"}]},{"@type":"WebSite","@id":"https:\/\/pruebavitoria.es\/#website","url":"https:\/\/pruebavitoria.es\/","name":"PRUEBA VITORIA GRAN FONDO","description":"21 Junio 2025","publisher":{"@id":"https:\/\/pruebavitoria.es\/#organization"},"potentialAction":[{"@type":"SearchAction","target":{"@type":"EntryPoint","urlTemplate":"https:\/\/pruebavitoria.es\/?s={search_term_string}"},"query-input":{"@type":"PropertyValueSpecification","valueRequired":true,"valueName":"search_term_string"}}],"inLanguage":"es"},{"@type":"Organization","@id":"https:\/\/pruebavitoria.es\/#organization","name":"PRUEBA VITORIA GRAN FONDO","url":"https:\/\/pruebavitoria.es\/","logo":{"@type":"ImageObject","inLanguage":"es","@id":"https:\/\/pruebavitoria.es\/#\/schema\/logo\/image\/","url":"https:\/\/pruebavitoria.es\/wp-content\/uploads\/2022\/01\/cropped-cropped-LOGO-GRAN-FONDO-9.png","contentUrl":"https:\/\/pruebavitoria.es\/wp-content\/uploads\/2022\/01\/cropped-cropped-LOGO-GRAN-FONDO-9.png","width":512,"height":512,"caption":"PRUEBA VITORIA GRAN FONDO"},"image":{"@id":"https:\/\/pruebavitoria.es\/#\/schema\/logo\/image\/"},"sameAs":["https:\/\/www.facebook.com\/pruebaciclistavitoria\/?_rdr","https:\/\/www.instagram.com\/pruebaciclistavitoria\/?hl=es"]},{"@type":"Person","@id":"https:\/\/pruebavitoria.es\/#\/schema\/person\/a520031cf45ebb69c7b4af71f46dbc5f","name":"vitoria","image":{"@type":"ImageObject","inLanguage":"es","@id":"https:\/\/pruebavitoria.es\/#\/schema\/person\/image\/","url":"https:\/\/secure.gravatar.com\/avatar\/d8182c164753d9f3762b194b27a9ed7a7a0981ff375795d0a06f19249086055a?s=96&d=mm&r=g","contentUrl":"https:\/\/secure.gravatar.com\/avatar\/d8182c164753d9f3762b194b27a9ed7a7a0981ff375795d0a06f19249086055a?s=96&d=mm&r=g","caption":"vitoria"},"sameAs":["http:\/\/new.pruebavitoria.es"],"url":"https:\/\/pruebavitoria.es\/es\/author\/vitoria\/"}]}},"_links":{"self":[{"href":"https:\/\/pruebavitoria.es\/es\/wp-json\/wp\/v2\/posts\/3149","targetHints":{"allow":["GET"]}}],"collection":[{"href":"https:\/\/pruebavitoria.es\/es\/wp-json\/wp\/v2\/posts"}],"about":[{"href":"https:\/\/pruebavitoria.es\/es\/wp-json\/wp\/v2\/types\/post"}],"author":[{"embeddable":true,"href":"https:\/\/pruebavitoria.es\/es\/wp-json\/wp\/v2\/users\/1"}],"replies":[{"embeddable":true,"href":"https:\/\/pruebavitoria.es\/es\/wp-json\/wp\/v2\/comments?post=3149"}],"version-history":[{"count":0,"href":"https:\/\/pruebavitoria.es\/es\/wp-json\/wp\/v2\/posts\/3149\/revisions"}],"wp:featuredmedia":[{"embeddable":true,"href":"https:\/\/pruebavitoria.es\/es\/wp-json\/wp\/v2\/media\/3153"}],"wp:attachment":[{"href":"https:\/\/pruebavitoria.es\/es\/wp-json\/wp\/v2\/media?parent=3149"}],"wp:term":[{"taxonomy":"category","embeddable":true,"href":"https:\/\/pruebavitoria.es\/es\/wp-json\/wp\/v2\/categories?post=3149"},{"taxonomy":"post_tag","embeddable":true,"href":"https:\/\/pruebavitoria.es\/es\/wp-json\/wp\/v2\/tags?post=3149"}],"curies":[{"name":"wp","href":"https:\/\/api.w.org\/{rel}","templated":true}]}}