{"id":3091,"date":"2023-05-09T15:00:44","date_gmt":"2023-05-09T15:00:44","guid":{"rendered":"https:\/\/pruebavitoria.es\/?p=3091"},"modified":"2023-05-09T15:01:27","modified_gmt":"2023-05-09T15:01:27","slug":"menos-de-200-plazas-para-cerrar-inscripciones-en-prueba-vitoria","status":"publish","type":"post","link":"https:\/\/pruebavitoria.es\/es\/2023\/05\/09\/menos-de-200-plazas-para-cerrar-inscripciones-en-prueba-vitoria\/","title":{"rendered":"Menos de 200 plazas para cerrar inscripciones en Prueba Vitoria"},"content":{"rendered":"\t\t<div data-elementor-type=\"wp-post\" data-elementor-id=\"3091\" class=\"elementor elementor-3091\" data-elementor-settings=\"{&quot;ha_cmc_init_switcher&quot;:&quot;no&quot;}\" data-elementor-post-type=\"post\">\n\t\t\t\t\t\t<section class=\"elementor-section elementor-top-section elementor-element elementor-element-d8daf40 elementor-section-boxed elementor-section-height-default elementor-section-height-default\" data-id=\"d8daf40\" data-element_type=\"section\" data-e-type=\"section\" data-settings=\"{&quot;_ha_eqh_enable&quot;:false}\">\n\t\t\t\t\t\t<div class=\"elementor-container elementor-column-gap-default\">\n\t\t\t\t\t<div class=\"elementor-column elementor-col-100 elementor-top-column elementor-element elementor-element-ff6caab\" data-id=\"ff6caab\" data-element_type=\"column\" data-e-type=\"column\">\n\t\t\t<div class=\"elementor-widget-wrap elementor-element-populated\">\n\t\t\t\t\t\t<div class=\"elementor-element elementor-element-c3be6b6 elementor-widget elementor-widget-text-editor\" data-id=\"c3be6b6\" data-element_type=\"widget\" data-e-type=\"widget\" data-widget_type=\"text-editor.default\">\n\t\t\t\t<div class=\"elementor-widget-container\">\n\t\t\t\t\t\t\t\t\t<div class=\"page\" title=\"Page 1\"><div class=\"layoutArea\"><div class=\"column\"><p>La marcha cicloturista es una de las ma\u0301s consideradas y veteranas del calendario estatal. Por ello, ha sido elegida para formar parte de los actos de celebracio\u0301n en torno al Grand De\u0301part Pays Basque 2023.<\/p><div class=\"page\" title=\"Page 1\"><div class=\"layoutArea\"><div class=\"column\"><p>Este an\u0303o La Prueba Vitoria celebrara\u0301 el 24 de junio una edicio\u0301n histo\u0301rica y diferente en tanto ha sido elegida para formar parte de los actos de celebracio\u0301n que tendra\u0301n lugar en torno a la salida del Tour de Francia 2023 desde el Pai\u0301s Vasco y que recorrera\u0301 Araba, Bizkaia y Gipuzkoa. El maillot de los participantes en la mi\u0301tica prueba impulsada por la Sociedad Ciclista Vitoriana sera\u0301 amarillo en comunio\u0301n con la vuelta gala. Asimismo, en su salida se homenajeara\u0301 a los ciclistas alaveses que han participado en ediciones pasadas del Tour.<\/p><p>\u201cEsta eleccio\u0301n conlleva un bonito reconocimiento al trabajo de mucha gente que durante de\u0301cadas ha hecho posible, edicio\u0301n tras edicio\u0301n, que La Vitoria sea mucho ma\u0301s que una de las pruebas ciclistas ma\u0301s veteranas del calendario estatal\u201d, ha afirmado en la presentacio\u0301n el Presidente de S.C. Vitoriana, Hugo Garriga. El directivo ha agradecido el esfuerzo realizado por las instituciones vascas implicadas para hacer realidad el Grand De\u0300part Pays Basque \u201cporque es un hito extraordinario que trasciende el deporte y que supone un fenomenal retorno para A\u0301lava, en particular, y para Euskadi\u201d.<\/p><p>Por su parte, la Concejala de Deporte y Salud, Livia Lo\u0301pez ha destacado que \u201cesta prueba es una de las decanas de Vitoria-Gasteiz, de las que los y las alavesas marcan en sus calendarios y esperan con ilusio\u0301n. Este an\u0303o, adema\u0301s, se trata de una edicio\u0301n especial, una edicio\u0301n con el sello del Tour de Francia, uno de los eventos deportivos ma\u0301s grandes del mundo que tenemos la suerte de que pase por nuestra casa\u201d.<\/p><p>Asi\u0301, en su 41a edicio\u0301n \u201cy de momento\u201d, ha advertido Garriga, La Vitoria presentara\u0301 dos novedades con respecto a citas pasadas. Una, quienes disputen este an\u0303o la prueba lucira\u0301n, de manera excepcional, el color amarillo en el maillot de participante, al igual que lo hace el li\u0301der del Tour de Francia. Y, segunda, se homenajeara\u0301 a todos los ciclistas alaveses que han tomado parte en la vuelta gala.<\/p><div class=\"page\" title=\"Page 2\"><div class=\"layoutArea\"><div class=\"column\"><p>En cuanto al desarrollo deportivo de La Vitoria, el Coordinador de la prueba y Director de Ascentium, Eduardo Marti\u0301nez, ha sen\u0303alado que habra\u0301 dos circuitos: uno, el tradicional, de 180 kilo\u0301metros con un desnivel positivo de 2.900 metros; y el segundo, ma\u0301s asequible, con un trazado de 100 kilo\u0301metros con un desnivel positivo de 1.150 metros. Ambos ofrecen a los ciclistas un trazado exigente pero asequible, mientras recorren paisajes espectaculares.<\/p><p>El nu\u0301mero de participantes que habitualmente toman parte en la prueba supera el medio millar, cifra que en estos momentos del an\u0303o ha sido superada y eso que todavi\u0301a faltan meses para que la misma se dispute. Dos tercios de las personas que han formalizado su inscripcio\u0301n residen en A\u0301lava o en Bizkaia y Gipuzkoa, y el resto provienen de diferentes partes del Estado. Un dato significativo es el aumento de presencia de mujeres, que con respecto a otras ediciones pra\u0301cticamente se duplica, pasando del 4% al 7,2%.<\/p><p>Desde la organizacio\u0301n de La Prueba Vitoria se ha animado a la aficio\u0301n cicloturista a inscribirse y formar parte de una prueba que pasara\u0301 a la historia tanto por el reconocimiento internacional que supone a la misma como por caminar junto al Tour de Francia.<\/p><p>Las inscripciones para la prueba esta\u0301n abiertas a trave\u0301s de la web www.pruebavitoria.es, y todas ellas incluyen, con el precio, el exclusivo maillot Santini, disen\u0303ado para esta inolvidable ocasio\u0301n. A lo largo de todo el recorrido los participantes van a poder contar con cinco puestos de avituallamiento, en el caso de los 180 km, y 2 para la distancia de 100 km, con catering post-meta y muchos servicios ma\u0301s.<\/p><\/div><\/div><\/div><\/div><\/div><\/div><\/div><\/div><\/div>\t\t\t\t\t\t\t\t<\/div>\n\t\t\t\t<\/div>\n\t\t\t\t\t<\/div>\n\t\t<\/div>\n\t\t\t\t\t<\/div>\n\t\t<\/section>\n\t\t\t\t<section class=\"elementor-section elementor-top-section elementor-element elementor-element-cf3f419 elementor-section-boxed elementor-section-height-default elementor-section-height-default\" data-id=\"cf3f419\" data-element_type=\"section\" data-e-type=\"section\" data-settings=\"{&quot;_ha_eqh_enable&quot;:false}\">\n\t\t\t\t\t\t<div class=\"elementor-container elementor-column-gap-default\">\n\t\t\t\t\t<div class=\"elementor-column elementor-col-100 elementor-top-column elementor-element elementor-element-100a7ce\" data-id=\"100a7ce\" data-element_type=\"column\" data-e-type=\"column\">\n\t\t\t<div class=\"elementor-widget-wrap elementor-element-populated\">\n\t\t\t\t\t\t<div class=\"elementor-element elementor-element-add7281 elementor-widget elementor-widget-image\" data-id=\"add7281\" data-element_type=\"widget\" data-e-type=\"widget\" data-widget_type=\"image.default\">\n\t\t\t\t<div class=\"elementor-widget-container\">\n\t\t\t\t\t\t\t\t\t\t\t\t\t\t\t<img fetchpriority=\"high\" decoding=\"async\" width=\"1024\" height=\"545\" src=\"https:\/\/pruebavitoria.es\/wp-content\/uploads\/2022\/12\/Prueba_Cicloturista_Vitoria_3-1024x545.png\" class=\"attachment-large size-large wp-image-2296\" alt=\"Prueba cicloturista Vitoria\" srcset=\"https:\/\/pruebavitoria.es\/wp-content\/uploads\/2022\/12\/Prueba_Cicloturista_Vitoria_3-1024x545.png 1024w, https:\/\/pruebavitoria.es\/wp-content\/uploads\/2022\/12\/Prueba_Cicloturista_Vitoria_3-300x160.png 300w, https:\/\/pruebavitoria.es\/wp-content\/uploads\/2022\/12\/Prueba_Cicloturista_Vitoria_3-768x409.png 768w, https:\/\/pruebavitoria.es\/wp-content\/uploads\/2022\/12\/Prueba_Cicloturista_Vitoria_3-1536x817.png 1536w, https:\/\/pruebavitoria.es\/wp-content\/uploads\/2022\/12\/Prueba_Cicloturista_Vitoria_3-2048x1090.png 2048w\" sizes=\"(max-width: 1024px) 100vw, 1024px\" \/>\t\t\t\t\t\t\t\t\t\t\t\t\t\t\t<\/div>\n\t\t\t\t<\/div>\n\t\t\t\t\t<\/div>\n\t\t<\/div>\n\t\t\t\t\t<\/div>\n\t\t<\/section>\n\t\t\t\t<\/div>\n\t\t","protected":false},"excerpt":{"rendered":"<p>La prueba cicloturista bate r\u00e9cord de participantes y va a contar con representaci\u00f3n de cicloturistas de todas las Comunidades Aut\u00f3nomas<\/p>\n","protected":false},"author":1,"featured_media":3092,"comment_status":"closed","ping_status":"closed","sticky":false,"template":"","format":"standard","meta":{"site-sidebar-layout":"default","site-content-layout":"","ast-site-content-layout":"default","site-content-style":"default","site-sidebar-style":"default","ast-global-header-display":"","ast-banner-title-visibility":"","ast-main-header-display":"","ast-hfb-above-header-display":"","ast-hfb-below-header-display":"","ast-hfb-mobile-header-display":"","site-post-title":"","ast-breadcrumbs-content":"","ast-featured-img":"","footer-sml-layout":"","ast-disable-related-posts":"","theme-transparent-header-meta":"","adv-header-id-meta":"","stick-header-meta":"","header-above-stick-meta":"","header-main-stick-meta":"","header-below-stick-meta":"","astra-migrate-meta-layouts":"default","ast-page-background-enabled":"default","ast-page-background-meta":{"desktop":{"background-color":"var(--ast-global-color-4)","background-image":"","background-repeat":"repeat","background-position":"center center","background-size":"auto","background-attachment":"scroll","background-type":"","background-media":"","overlay-type":"","overlay-color":"","overlay-opacity":"","overlay-gradient":""},"tablet":{"background-color":"","background-image":"","background-repeat":"repeat","background-position":"center center","background-size":"auto","background-attachment":"scroll","background-type":"","background-media":"","overlay-type":"","overlay-color":"","overlay-opacity":"","overlay-gradient":""},"mobile":{"background-color":"","background-image":"","background-repeat":"repeat","background-position":"center center","background-size":"auto","background-attachment":"scroll","background-type":"","background-media":"","overlay-type":"","overlay-color":"","overlay-opacity":"","overlay-gradient":""}},"ast-content-background-meta":{"desktop":{"background-color":"var(--ast-global-color-5)","background-image":"","background-repeat":"repeat","background-position":"center center","background-size":"auto","background-attachment":"scroll","background-type":"","background-media":"","overlay-type":"","overlay-color":"","overlay-opacity":"","overlay-gradient":""},"tablet":{"background-color":"var(--ast-global-color-5)","background-image":"","background-repeat":"repeat","background-position":"center center","background-size":"auto","background-attachment":"scroll","background-type":"","background-media":"","overlay-type":"","overlay-color":"","overlay-opacity":"","overlay-gradient":""},"mobile":{"background-color":"var(--ast-global-color-5)","background-image":"","background-repeat":"repeat","background-position":"center center","background-size":"auto","background-attachment":"scroll","background-type":"","background-media":"","overlay-type":"","overlay-color":"","overlay-opacity":"","overlay-gradient":""}},"footnotes":""},"categories":[1],"tags":[],"class_list":["post-3091","post","type-post","status-publish","format-standard","has-post-thumbnail","hentry","category-sin-categoria"],"yoast_head":"<!-- This site is optimized with the Yoast SEO plugin v26.6 - https:\/\/yoast.com\/wordpress\/plugins\/seo\/ -->\n<title>Menos de 200 plazas para cerrar inscripciones en Prueba Vitoria - Prueba Vitoria GRAN FONDO 2025<\/title>\n<meta name=\"description\" content=\"Inscripciones abiertas para el evento de ciclismo Prueba Cicloturista Vitoria 2023. Uno de los eventos del a\u00f1o en \u00c1lava y Euskadi.\" \/>\n<meta name=\"robots\" content=\"index, follow, max-snippet:-1, max-image-preview:large, max-video-preview:-1\" \/>\n<link rel=\"canonical\" href=\"https:\/\/pruebavitoria.es\/es\/2023\/05\/09\/menos-de-200-plazas-para-cerrar-inscripciones-en-prueba-vitoria\/\" \/>\n<meta property=\"og:locale\" content=\"es_ES\" \/>\n<meta property=\"og:type\" content=\"article\" \/>\n<meta property=\"og:title\" content=\"Menos de 200 plazas para cerrar inscripciones en Prueba Vitoria - Prueba Vitoria GRAN FONDO 2025\" \/>\n<meta property=\"og:description\" content=\"Inscripciones abiertas para el evento de ciclismo Prueba Cicloturista Vitoria 2023. Uno de los eventos del a\u00f1o en \u00c1lava y Euskadi.\" \/>\n<meta property=\"og:url\" content=\"https:\/\/pruebavitoria.es\/es\/2023\/05\/09\/menos-de-200-plazas-para-cerrar-inscripciones-en-prueba-vitoria\/\" \/>\n<meta property=\"og:site_name\" content=\"Prueba Vitoria GRAN FONDO 2025\" \/>\n<meta property=\"article:publisher\" content=\"https:\/\/www.facebook.com\/pruebaciclistavitoria\/?_rdr\" \/>\n<meta property=\"article:published_time\" content=\"2023-05-09T15:00:44+00:00\" \/>\n<meta property=\"article:modified_time\" content=\"2023-05-09T15:01:27+00:00\" \/>\n<meta property=\"og:image\" content=\"https:\/\/pruebavitoria.es\/wp-content\/uploads\/2023\/05\/Prueba_Vitoria_2022_1_01652.jpg\" \/>\n\t<meta property=\"og:image:width\" content=\"320\" \/>\n\t<meta property=\"og:image:height\" content=\"213\" \/>\n\t<meta property=\"og:image:type\" content=\"image\/jpeg\" \/>\n<meta name=\"author\" content=\"vitoria\" \/>\n<meta name=\"twitter:card\" content=\"summary_large_image\" \/>\n<meta name=\"twitter:label1\" content=\"Escrito por\" \/>\n\t<meta name=\"twitter:data1\" content=\"vitoria\" \/>\n\t<meta name=\"twitter:label2\" content=\"Tiempo de lectura\" \/>\n\t<meta name=\"twitter:data2\" content=\"4 minutos\" \/>\n<script type=\"application\/ld+json\" class=\"yoast-schema-graph\">{\"@context\":\"https:\/\/schema.org\",\"@graph\":[{\"@type\":\"Article\",\"@id\":\"https:\/\/pruebavitoria.es\/2023\/05\/09\/menos-de-200-plazas-para-cerrar-inscripciones-en-prueba-vitoria\/#article\",\"isPartOf\":{\"@id\":\"https:\/\/pruebavitoria.es\/2023\/05\/09\/menos-de-200-plazas-para-cerrar-inscripciones-en-prueba-vitoria\/\"},\"author\":{\"name\":\"vitoria\",\"@id\":\"https:\/\/pruebavitoria.es\/#\/schema\/person\/a520031cf45ebb69c7b4af71f46dbc5f\"},\"headline\":\"Menos de 200 plazas para cerrar inscripciones en Prueba Vitoria\",\"datePublished\":\"2023-05-09T15:00:44+00:00\",\"dateModified\":\"2023-05-09T15:01:27+00:00\",\"mainEntityOfPage\":{\"@id\":\"https:\/\/pruebavitoria.es\/2023\/05\/09\/menos-de-200-plazas-para-cerrar-inscripciones-en-prueba-vitoria\/\"},\"wordCount\":681,\"publisher\":{\"@id\":\"https:\/\/pruebavitoria.es\/#organization\"},\"image\":{\"@id\":\"https:\/\/pruebavitoria.es\/2023\/05\/09\/menos-de-200-plazas-para-cerrar-inscripciones-en-prueba-vitoria\/#primaryimage\"},\"thumbnailUrl\":\"https:\/\/pruebavitoria.es\/wp-content\/uploads\/2023\/05\/Prueba_Vitoria_2022_1_01652.jpg\",\"inLanguage\":\"es\"},{\"@type\":\"WebPage\",\"@id\":\"https:\/\/pruebavitoria.es\/2023\/05\/09\/menos-de-200-plazas-para-cerrar-inscripciones-en-prueba-vitoria\/\",\"url\":\"https:\/\/pruebavitoria.es\/2023\/05\/09\/menos-de-200-plazas-para-cerrar-inscripciones-en-prueba-vitoria\/\",\"name\":\"Menos de 200 plazas para cerrar inscripciones en Prueba Vitoria - Prueba Vitoria GRAN FONDO 2025\",\"isPartOf\":{\"@id\":\"https:\/\/pruebavitoria.es\/#website\"},\"primaryImageOfPage\":{\"@id\":\"https:\/\/pruebavitoria.es\/2023\/05\/09\/menos-de-200-plazas-para-cerrar-inscripciones-en-prueba-vitoria\/#primaryimage\"},\"image\":{\"@id\":\"https:\/\/pruebavitoria.es\/2023\/05\/09\/menos-de-200-plazas-para-cerrar-inscripciones-en-prueba-vitoria\/#primaryimage\"},\"thumbnailUrl\":\"https:\/\/pruebavitoria.es\/wp-content\/uploads\/2023\/05\/Prueba_Vitoria_2022_1_01652.jpg\",\"datePublished\":\"2023-05-09T15:00:44+00:00\",\"dateModified\":\"2023-05-09T15:01:27+00:00\",\"description\":\"Inscripciones abiertas para el evento de ciclismo Prueba Cicloturista Vitoria 2023. Uno de los eventos del a\u00f1o en \u00c1lava y Euskadi.\",\"breadcrumb\":{\"@id\":\"https:\/\/pruebavitoria.es\/2023\/05\/09\/menos-de-200-plazas-para-cerrar-inscripciones-en-prueba-vitoria\/#breadcrumb\"},\"inLanguage\":\"es\",\"potentialAction\":[{\"@type\":\"ReadAction\",\"target\":[\"https:\/\/pruebavitoria.es\/2023\/05\/09\/menos-de-200-plazas-para-cerrar-inscripciones-en-prueba-vitoria\/\"]}]},{\"@type\":\"ImageObject\",\"inLanguage\":\"es\",\"@id\":\"https:\/\/pruebavitoria.es\/2023\/05\/09\/menos-de-200-plazas-para-cerrar-inscripciones-en-prueba-vitoria\/#primaryimage\",\"url\":\"https:\/\/pruebavitoria.es\/wp-content\/uploads\/2023\/05\/Prueba_Vitoria_2022_1_01652.jpg\",\"contentUrl\":\"https:\/\/pruebavitoria.es\/wp-content\/uploads\/2023\/05\/Prueba_Vitoria_2022_1_01652.jpg\",\"width\":320,\"height\":213},{\"@type\":\"BreadcrumbList\",\"@id\":\"https:\/\/pruebavitoria.es\/2023\/05\/09\/menos-de-200-plazas-para-cerrar-inscripciones-en-prueba-vitoria\/#breadcrumb\",\"itemListElement\":[{\"@type\":\"ListItem\",\"position\":1,\"name\":\"Portada\",\"item\":\"https:\/\/pruebavitoria.es\/\"},{\"@type\":\"ListItem\",\"position\":2,\"name\":\"Menos de 200 plazas para cerrar inscripciones en Prueba Vitoria\"}]},{\"@type\":\"WebSite\",\"@id\":\"https:\/\/pruebavitoria.es\/#website\",\"url\":\"https:\/\/pruebavitoria.es\/\",\"name\":\"PRUEBA VITORIA GRAN FONDO\",\"description\":\"21 Junio 2025\",\"publisher\":{\"@id\":\"https:\/\/pruebavitoria.es\/#organization\"},\"potentialAction\":[{\"@type\":\"SearchAction\",\"target\":{\"@type\":\"EntryPoint\",\"urlTemplate\":\"https:\/\/pruebavitoria.es\/?s={search_term_string}\"},\"query-input\":{\"@type\":\"PropertyValueSpecification\",\"valueRequired\":true,\"valueName\":\"search_term_string\"}}],\"inLanguage\":\"es\"},{\"@type\":\"Organization\",\"@id\":\"https:\/\/pruebavitoria.es\/#organization\",\"name\":\"PRUEBA VITORIA GRAN FONDO\",\"url\":\"https:\/\/pruebavitoria.es\/\",\"logo\":{\"@type\":\"ImageObject\",\"inLanguage\":\"es\",\"@id\":\"https:\/\/pruebavitoria.es\/#\/schema\/logo\/image\/\",\"url\":\"https:\/\/pruebavitoria.es\/wp-content\/uploads\/2022\/01\/cropped-cropped-LOGO-GRAN-FONDO-9.png\",\"contentUrl\":\"https:\/\/pruebavitoria.es\/wp-content\/uploads\/2022\/01\/cropped-cropped-LOGO-GRAN-FONDO-9.png\",\"width\":512,\"height\":512,\"caption\":\"PRUEBA VITORIA GRAN FONDO\"},\"image\":{\"@id\":\"https:\/\/pruebavitoria.es\/#\/schema\/logo\/image\/\"},\"sameAs\":[\"https:\/\/www.facebook.com\/pruebaciclistavitoria\/?_rdr\",\"https:\/\/www.instagram.com\/pruebaciclistavitoria\/?hl=es\"]},{\"@type\":\"Person\",\"@id\":\"https:\/\/pruebavitoria.es\/#\/schema\/person\/a520031cf45ebb69c7b4af71f46dbc5f\",\"name\":\"vitoria\",\"image\":{\"@type\":\"ImageObject\",\"inLanguage\":\"es\",\"@id\":\"https:\/\/pruebavitoria.es\/#\/schema\/person\/image\/\",\"url\":\"https:\/\/secure.gravatar.com\/avatar\/d8182c164753d9f3762b194b27a9ed7a7a0981ff375795d0a06f19249086055a?s=96&d=mm&r=g\",\"contentUrl\":\"https:\/\/secure.gravatar.com\/avatar\/d8182c164753d9f3762b194b27a9ed7a7a0981ff375795d0a06f19249086055a?s=96&d=mm&r=g\",\"caption\":\"vitoria\"},\"sameAs\":[\"http:\/\/new.pruebavitoria.es\"],\"url\":\"https:\/\/pruebavitoria.es\/es\/author\/vitoria\/\"}]}<\/script>\n<!-- \/ Yoast SEO plugin. -->","yoast_head_json":{"title":"Menos de 200 plazas para cerrar inscripciones en Prueba Vitoria - Prueba Vitoria GRAN FONDO 2025","description":"Inscripciones abiertas para el evento de ciclismo Prueba Cicloturista Vitoria 2023. Uno de los eventos del a\u00f1o en \u00c1lava y Euskadi.","robots":{"index":"index","follow":"follow","max-snippet":"max-snippet:-1","max-image-preview":"max-image-preview:large","max-video-preview":"max-video-preview:-1"},"canonical":"https:\/\/pruebavitoria.es\/es\/2023\/05\/09\/menos-de-200-plazas-para-cerrar-inscripciones-en-prueba-vitoria\/","og_locale":"es_ES","og_type":"article","og_title":"Menos de 200 plazas para cerrar inscripciones en Prueba Vitoria - Prueba Vitoria GRAN FONDO 2025","og_description":"Inscripciones abiertas para el evento de ciclismo Prueba Cicloturista Vitoria 2023. Uno de los eventos del a\u00f1o en \u00c1lava y Euskadi.","og_url":"https:\/\/pruebavitoria.es\/es\/2023\/05\/09\/menos-de-200-plazas-para-cerrar-inscripciones-en-prueba-vitoria\/","og_site_name":"Prueba Vitoria GRAN FONDO 2025","article_publisher":"https:\/\/www.facebook.com\/pruebaciclistavitoria\/?_rdr","article_published_time":"2023-05-09T15:00:44+00:00","article_modified_time":"2023-05-09T15:01:27+00:00","og_image":[{"width":320,"height":213,"url":"https:\/\/pruebavitoria.es\/wp-content\/uploads\/2023\/05\/Prueba_Vitoria_2022_1_01652.jpg","type":"image\/jpeg"}],"author":"vitoria","twitter_card":"summary_large_image","twitter_misc":{"Escrito por":"vitoria","Tiempo de lectura":"4 minutos"},"schema":{"@context":"https:\/\/schema.org","@graph":[{"@type":"Article","@id":"https:\/\/pruebavitoria.es\/2023\/05\/09\/menos-de-200-plazas-para-cerrar-inscripciones-en-prueba-vitoria\/#article","isPartOf":{"@id":"https:\/\/pruebavitoria.es\/2023\/05\/09\/menos-de-200-plazas-para-cerrar-inscripciones-en-prueba-vitoria\/"},"author":{"name":"vitoria","@id":"https:\/\/pruebavitoria.es\/#\/schema\/person\/a520031cf45ebb69c7b4af71f46dbc5f"},"headline":"Menos de 200 plazas para cerrar inscripciones en Prueba Vitoria","datePublished":"2023-05-09T15:00:44+00:00","dateModified":"2023-05-09T15:01:27+00:00","mainEntityOfPage":{"@id":"https:\/\/pruebavitoria.es\/2023\/05\/09\/menos-de-200-plazas-para-cerrar-inscripciones-en-prueba-vitoria\/"},"wordCount":681,"publisher":{"@id":"https:\/\/pruebavitoria.es\/#organization"},"image":{"@id":"https:\/\/pruebavitoria.es\/2023\/05\/09\/menos-de-200-plazas-para-cerrar-inscripciones-en-prueba-vitoria\/#primaryimage"},"thumbnailUrl":"https:\/\/pruebavitoria.es\/wp-content\/uploads\/2023\/05\/Prueba_Vitoria_2022_1_01652.jpg","inLanguage":"es"},{"@type":"WebPage","@id":"https:\/\/pruebavitoria.es\/2023\/05\/09\/menos-de-200-plazas-para-cerrar-inscripciones-en-prueba-vitoria\/","url":"https:\/\/pruebavitoria.es\/2023\/05\/09\/menos-de-200-plazas-para-cerrar-inscripciones-en-prueba-vitoria\/","name":"Menos de 200 plazas para cerrar inscripciones en Prueba Vitoria - Prueba Vitoria GRAN FONDO 2025","isPartOf":{"@id":"https:\/\/pruebavitoria.es\/#website"},"primaryImageOfPage":{"@id":"https:\/\/pruebavitoria.es\/2023\/05\/09\/menos-de-200-plazas-para-cerrar-inscripciones-en-prueba-vitoria\/#primaryimage"},"image":{"@id":"https:\/\/pruebavitoria.es\/2023\/05\/09\/menos-de-200-plazas-para-cerrar-inscripciones-en-prueba-vitoria\/#primaryimage"},"thumbnailUrl":"https:\/\/pruebavitoria.es\/wp-content\/uploads\/2023\/05\/Prueba_Vitoria_2022_1_01652.jpg","datePublished":"2023-05-09T15:00:44+00:00","dateModified":"2023-05-09T15:01:27+00:00","description":"Inscripciones abiertas para el evento de ciclismo Prueba Cicloturista Vitoria 2023. Uno de los eventos del a\u00f1o en \u00c1lava y Euskadi.","breadcrumb":{"@id":"https:\/\/pruebavitoria.es\/2023\/05\/09\/menos-de-200-plazas-para-cerrar-inscripciones-en-prueba-vitoria\/#breadcrumb"},"inLanguage":"es","potentialAction":[{"@type":"ReadAction","target":["https:\/\/pruebavitoria.es\/2023\/05\/09\/menos-de-200-plazas-para-cerrar-inscripciones-en-prueba-vitoria\/"]}]},{"@type":"ImageObject","inLanguage":"es","@id":"https:\/\/pruebavitoria.es\/2023\/05\/09\/menos-de-200-plazas-para-cerrar-inscripciones-en-prueba-vitoria\/#primaryimage","url":"https:\/\/pruebavitoria.es\/wp-content\/uploads\/2023\/05\/Prueba_Vitoria_2022_1_01652.jpg","contentUrl":"https:\/\/pruebavitoria.es\/wp-content\/uploads\/2023\/05\/Prueba_Vitoria_2022_1_01652.jpg","width":320,"height":213},{"@type":"BreadcrumbList","@id":"https:\/\/pruebavitoria.es\/2023\/05\/09\/menos-de-200-plazas-para-cerrar-inscripciones-en-prueba-vitoria\/#breadcrumb","itemListElement":[{"@type":"ListItem","position":1,"name":"Portada","item":"https:\/\/pruebavitoria.es\/"},{"@type":"ListItem","position":2,"name":"Menos de 200 plazas para cerrar inscripciones en Prueba Vitoria"}]},{"@type":"WebSite","@id":"https:\/\/pruebavitoria.es\/#website","url":"https:\/\/pruebavitoria.es\/","name":"PRUEBA VITORIA GRAN FONDO","description":"21 Junio 2025","publisher":{"@id":"https:\/\/pruebavitoria.es\/#organization"},"potentialAction":[{"@type":"SearchAction","target":{"@type":"EntryPoint","urlTemplate":"https:\/\/pruebavitoria.es\/?s={search_term_string}"},"query-input":{"@type":"PropertyValueSpecification","valueRequired":true,"valueName":"search_term_string"}}],"inLanguage":"es"},{"@type":"Organization","@id":"https:\/\/pruebavitoria.es\/#organization","name":"PRUEBA VITORIA GRAN FONDO","url":"https:\/\/pruebavitoria.es\/","logo":{"@type":"ImageObject","inLanguage":"es","@id":"https:\/\/pruebavitoria.es\/#\/schema\/logo\/image\/","url":"https:\/\/pruebavitoria.es\/wp-content\/uploads\/2022\/01\/cropped-cropped-LOGO-GRAN-FONDO-9.png","contentUrl":"https:\/\/pruebavitoria.es\/wp-content\/uploads\/2022\/01\/cropped-cropped-LOGO-GRAN-FONDO-9.png","width":512,"height":512,"caption":"PRUEBA VITORIA GRAN FONDO"},"image":{"@id":"https:\/\/pruebavitoria.es\/#\/schema\/logo\/image\/"},"sameAs":["https:\/\/www.facebook.com\/pruebaciclistavitoria\/?_rdr","https:\/\/www.instagram.com\/pruebaciclistavitoria\/?hl=es"]},{"@type":"Person","@id":"https:\/\/pruebavitoria.es\/#\/schema\/person\/a520031cf45ebb69c7b4af71f46dbc5f","name":"vitoria","image":{"@type":"ImageObject","inLanguage":"es","@id":"https:\/\/pruebavitoria.es\/#\/schema\/person\/image\/","url":"https:\/\/secure.gravatar.com\/avatar\/d8182c164753d9f3762b194b27a9ed7a7a0981ff375795d0a06f19249086055a?s=96&d=mm&r=g","contentUrl":"https:\/\/secure.gravatar.com\/avatar\/d8182c164753d9f3762b194b27a9ed7a7a0981ff375795d0a06f19249086055a?s=96&d=mm&r=g","caption":"vitoria"},"sameAs":["http:\/\/new.pruebavitoria.es"],"url":"https:\/\/pruebavitoria.es\/es\/author\/vitoria\/"}]}},"_links":{"self":[{"href":"https:\/\/pruebavitoria.es\/es\/wp-json\/wp\/v2\/posts\/3091","targetHints":{"allow":["GET"]}}],"collection":[{"href":"https:\/\/pruebavitoria.es\/es\/wp-json\/wp\/v2\/posts"}],"about":[{"href":"https:\/\/pruebavitoria.es\/es\/wp-json\/wp\/v2\/types\/post"}],"author":[{"embeddable":true,"href":"https:\/\/pruebavitoria.es\/es\/wp-json\/wp\/v2\/users\/1"}],"replies":[{"embeddable":true,"href":"https:\/\/pruebavitoria.es\/es\/wp-json\/wp\/v2\/comments?post=3091"}],"version-history":[{"count":0,"href":"https:\/\/pruebavitoria.es\/es\/wp-json\/wp\/v2\/posts\/3091\/revisions"}],"wp:featuredmedia":[{"embeddable":true,"href":"https:\/\/pruebavitoria.es\/es\/wp-json\/wp\/v2\/media\/3092"}],"wp:attachment":[{"href":"https:\/\/pruebavitoria.es\/es\/wp-json\/wp\/v2\/media?parent=3091"}],"wp:term":[{"taxonomy":"category","embeddable":true,"href":"https:\/\/pruebavitoria.es\/es\/wp-json\/wp\/v2\/categories?post=3091"},{"taxonomy":"post_tag","embeddable":true,"href":"https:\/\/pruebavitoria.es\/es\/wp-json\/wp\/v2\/tags?post=3091"}],"curies":[{"name":"wp","href":"https:\/\/api.w.org\/{rel}","templated":true}]}}