{"id":2851,"date":"2023-01-05T12:57:51","date_gmt":"2023-01-05T12:57:51","guid":{"rendered":"https:\/\/pruebavitoria.es\/?p=2851"},"modified":"2023-01-05T13:20:58","modified_gmt":"2023-01-05T13:20:58","slug":"apertura-de-inscripciones-2023","status":"publish","type":"post","link":"https:\/\/pruebavitoria.es\/es\/2023\/01\/05\/apertura-de-inscripciones-2023\/","title":{"rendered":"Apertura de inscripciones 2023"},"content":{"rendered":"\t\t<div data-elementor-type=\"wp-post\" data-elementor-id=\"2851\" class=\"elementor elementor-2851\" data-elementor-settings=\"{&quot;ha_cmc_init_switcher&quot;:&quot;no&quot;}\" data-elementor-post-type=\"post\">\n\t\t\t\t\t\t<section class=\"elementor-section elementor-top-section elementor-element elementor-element-d8daf40 elementor-section-boxed elementor-section-height-default elementor-section-height-default\" data-id=\"d8daf40\" data-element_type=\"section\" data-e-type=\"section\" data-settings=\"{&quot;_ha_eqh_enable&quot;:false}\">\n\t\t\t\t\t\t<div class=\"elementor-container elementor-column-gap-default\">\n\t\t\t\t\t<div class=\"elementor-column elementor-col-100 elementor-top-column elementor-element elementor-element-ff6caab\" data-id=\"ff6caab\" data-element_type=\"column\" data-e-type=\"column\">\n\t\t\t<div class=\"elementor-widget-wrap elementor-element-populated\">\n\t\t\t\t\t\t<div class=\"elementor-element elementor-element-dabfa86 elementor-widget elementor-widget-text-editor\" data-id=\"dabfa86\" data-element_type=\"widget\" data-e-type=\"widget\" data-widget_type=\"text-editor.default\">\n\t\t\t\t<div class=\"elementor-widget-container\">\n\t\t\t\t\t\t\t\t\t<p>La pr\u00f3xima edici\u00f3n de la PRUEBA CICLOTURISTA VITORIA que se celebrar\u00e1 el s\u00e1bado <strong>24 de junio de 2023 <\/strong>ser\u00e1 muy especial. Como ya conoc\u00e9is el TOUR DE FRANCIA 2023 saldr\u00e1 de EUSKADI y nuestra marcha ser\u00e1 una de las actividades programadas dentro del calendario organizado para el GRAND D\u00c9PART PAYS BASQUE. Una gran ocasi\u00f3n para vivir y participar en una edici\u00f3n especial e irrepetible en la que sumaremos el amarillo a los colores habituales de nuestra marcha. \u00bfTe animas?<\/p>\t\t\t\t\t\t\t\t<\/div>\n\t\t\t\t<\/div>\n\t\t\t\t<div class=\"elementor-element elementor-element-c33a7b7 elementor-widget elementor-widget-heading\" data-id=\"c33a7b7\" data-element_type=\"widget\" data-e-type=\"widget\" data-widget_type=\"heading.default\">\n\t\t\t\t<div class=\"elementor-widget-container\">\n\t\t\t\t\t<h2 class=\"elementor-heading-title elementor-size-default\">DOS RECORRIDOS:<\/h2>\t\t\t\t<\/div>\n\t\t\t\t<\/div>\n\t\t\t\t<div class=\"elementor-element elementor-element-c3be6b6 elementor-widget elementor-widget-text-editor\" data-id=\"c3be6b6\" data-element_type=\"widget\" data-e-type=\"widget\" data-widget_type=\"text-editor.default\">\n\t\t\t\t<div class=\"elementor-widget-container\">\n\t\t\t\t\t\t\t\t\t<p>En esta 41. edici\u00f3n contaremos con dos recorridos, uno de gran distancia (180kms) que recorrer\u00e1 gran parte de nuestra provincia y otro recorrido m\u00e1s corto (100kms) para que nadie se quede sin participar en esta edici\u00f3n hist\u00f3rica.<br \/><br \/>Ambos recorridos partir\u00e1n desde Vitoria-Gasteiz con la cl\u00e1sica vuelta al pantano, continuando por la\u00a0Llanada Alavesa\u00a0hasta llegar a Agurain. Una vez all\u00ed, se comenzar\u00e1n a pedalear las cuestas del\u00a0Puerto de Opakua\u00a0(1025m) para posteriormente disfrutar de la bajada hasta llegar a Maeztu d\u00f3nde se encontrar\u00e1 el punto de avituallamiento principal.<\/p>\n<p>Una vez all\u00ed, los participantes del recorrido corto encarar\u00e1n el Puerto de Azaceta para poco a poco volver a Vitoria-Gasteiz, con un \u00faltimo tramo por la Llanada Alavesa para poder disfrutar de los \u00faltimos kil\u00f3metros antes de llegar a meta.<\/p>\n<p>El recorrido largo, continuar\u00e1 por uno de los parajes m\u00e1s verdes de nuestra provincia,\u00a0el Parque Natural de Izki, para descender hasta Bernedo. A continuaci\u00f3n, se volver\u00e1 a ascender, en este caso, el espectacular Puerto de la Aldea, pisando Navarra y bajar hasta Laguardia con unas impresionantes vistas a\u00a0Rioja Alavesa.<\/p>\n<p>Tras unos kil\u00f3metros de recuperaci\u00f3n, llegar\u00e1 el exigente\u00a0Puerto de Herrera. Una vez alcanzada su parte m\u00e1s alta, tocar\u00e1 descender a Pe\u00f1acerrada, continuando por la\u00a0Ruta del Agua\u00a0hasta llegar a Zambrana.<br \/>Por \u00faltimo, solamente faltar\u00e1n los dos \u00faltimos altos, Portilla y Zaldiaran, que pasando por Trevi\u00f1o previamente, guiar\u00e1n a los participantes hasta la meta en Vitoria-Gasteiz, sumando un total de 180 kil\u00f3metros con +2.900 metros de desnivel.<\/p>\t\t\t\t\t\t\t\t<\/div>\n\t\t\t\t<\/div>\n\t\t\t\t<div class=\"elementor-element elementor-element-7f3bcc8 elementor-widget elementor-widget-heading\" data-id=\"7f3bcc8\" data-element_type=\"widget\" data-e-type=\"widget\" data-widget_type=\"heading.default\">\n\t\t\t\t<div class=\"elementor-widget-container\">\n\t\t\t\t\t<h2 class=\"elementor-heading-title elementor-size-default\">INSCRIPCIONES ABIERTAS:<\/h2>\t\t\t\t<\/div>\n\t\t\t\t<\/div>\n\t\t\t\t<div class=\"elementor-element elementor-element-205d98e elementor-widget elementor-widget-text-editor\" data-id=\"205d98e\" data-element_type=\"widget\" data-e-type=\"widget\" data-widget_type=\"text-editor.default\">\n\t\t\t\t<div class=\"elementor-widget-container\">\n\t\t\t\t\t\t\t\t\t<p>Las inscripciones para las dos distancias <strong>se encuentran abiertas<\/strong> en la p\u00e1gina web (<a href=\"https:\/\/pruebavitoria.es\/\">https:\/\/pruebavitoria.es\/<\/a>) del evento, el cual ser\u00e1 una de las citas de ciclismo del a\u00f1o en \u00c1lava y Euskadi.<\/p><p>\u00bfQui\u00e9n no ha so\u00f1ado con vestir el maillot amarillo?<\/p><p><strong>El precio inicial<\/strong> de las inscripciones es de <strong>58\u20ac<\/strong> para el recorrido corto y <strong>63\u20ac<\/strong> para el recorrido largo, hasta el d\u00eda 31 de enero o hasta llenar las <strong>200 primeras plazas<\/strong> de cada recorrido.<\/p><p>En el <strong>segundo tramo<\/strong>, hasta el 31 de marzo, las inscripciones tendr\u00e1n un precio de 62\u20ac en el recorrido corto y 67\u20ac en el largo (600 plazas) y un aumento de 4\u20ac en el \u00faltimo tramo que estar\u00e1 abierto <strong>hasta el 20 de junio<\/strong> o hasta llenar las \u00faltimas 400 plazas.<\/p><p>Los y las participantes no federados\/as, deber\u00e1n abonar una cantidad de 6\u20ac en concepto de seguro de accidentes. Dentro del precio de la inscripci\u00f3n no faltar\u00e1 el <strong>maillot Santini<\/strong> dise\u00f1ado en exclusiva para <strong>esta ocasi\u00f3n \u00fanica<\/strong>, adem\u00e1s de cuatro avituallamientos, catering post-meta y muchos servicios m\u00e1s.<\/p>\t\t\t\t\t\t\t\t<\/div>\n\t\t\t\t<\/div>\n\t\t\t\t\t<\/div>\n\t\t<\/div>\n\t\t\t\t\t<\/div>\n\t\t<\/section>\n\t\t\t\t<section class=\"elementor-section elementor-top-section elementor-element elementor-element-cf3f419 elementor-section-boxed elementor-section-height-default elementor-section-height-default\" data-id=\"cf3f419\" data-element_type=\"section\" data-e-type=\"section\" data-settings=\"{&quot;_ha_eqh_enable&quot;:false}\">\n\t\t\t\t\t\t<div class=\"elementor-container elementor-column-gap-default\">\n\t\t\t\t\t<div class=\"elementor-column elementor-col-100 elementor-top-column elementor-element elementor-element-100a7ce\" data-id=\"100a7ce\" data-element_type=\"column\" data-e-type=\"column\">\n\t\t\t<div class=\"elementor-widget-wrap elementor-element-populated\">\n\t\t\t\t\t\t<div class=\"elementor-element elementor-element-add7281 elementor-widget elementor-widget-image\" data-id=\"add7281\" data-element_type=\"widget\" data-e-type=\"widget\" data-widget_type=\"image.default\">\n\t\t\t\t<div class=\"elementor-widget-container\">\n\t\t\t\t\t\t\t\t\t\t\t\t\t\t\t<img fetchpriority=\"high\" decoding=\"async\" width=\"1024\" height=\"545\" src=\"https:\/\/pruebavitoria.es\/wp-content\/uploads\/2022\/12\/Prueba_Cicloturista_Vitoria_3-1024x545.png\" class=\"attachment-large size-large wp-image-2296\" alt=\"Prueba cicloturista Vitoria\" srcset=\"https:\/\/pruebavitoria.es\/wp-content\/uploads\/2022\/12\/Prueba_Cicloturista_Vitoria_3-1024x545.png 1024w, https:\/\/pruebavitoria.es\/wp-content\/uploads\/2022\/12\/Prueba_Cicloturista_Vitoria_3-300x160.png 300w, https:\/\/pruebavitoria.es\/wp-content\/uploads\/2022\/12\/Prueba_Cicloturista_Vitoria_3-768x409.png 768w, https:\/\/pruebavitoria.es\/wp-content\/uploads\/2022\/12\/Prueba_Cicloturista_Vitoria_3-1536x817.png 1536w, https:\/\/pruebavitoria.es\/wp-content\/uploads\/2022\/12\/Prueba_Cicloturista_Vitoria_3-2048x1090.png 2048w\" sizes=\"(max-width: 1024px) 100vw, 1024px\" \/>\t\t\t\t\t\t\t\t\t\t\t\t\t\t\t<\/div>\n\t\t\t\t<\/div>\n\t\t\t\t\t<\/div>\n\t\t<\/div>\n\t\t\t\t\t<\/div>\n\t\t<\/section>\n\t\t\t\t<\/div>\n\t\t","protected":false},"excerpt":{"rendered":"<p>La pr\u00f3xima edici\u00f3n de la PRUEBA CICLOTURISTA VITORIA que se celebrar\u00e1 el s\u00e1bado 24 de junio de 2023 ser\u00e1 muy especial. Como ya conoc\u00e9is el TOUR DE FRANCIA 2023 saldr\u00e1 de EUSKADI y nuestra marcha ser\u00e1 una de las actividades programadas dentro del calendario organizado para el GRAND D\u00c9PART PAYS BASQUE \u00bfQui\u00e9n no ha so\u00f1ado con vestir el maillot amarillo?<\/p>\n","protected":false},"author":1,"featured_media":2854,"comment_status":"closed","ping_status":"closed","sticky":false,"template":"","format":"standard","meta":{"site-sidebar-layout":"default","site-content-layout":"","ast-site-content-layout":"default","site-content-style":"default","site-sidebar-style":"default","ast-global-header-display":"","ast-banner-title-visibility":"","ast-main-header-display":"","ast-hfb-above-header-display":"","ast-hfb-below-header-display":"","ast-hfb-mobile-header-display":"","site-post-title":"","ast-breadcrumbs-content":"","ast-featured-img":"","footer-sml-layout":"","ast-disable-related-posts":"","theme-transparent-header-meta":"","adv-header-id-meta":"","stick-header-meta":"","header-above-stick-meta":"","header-main-stick-meta":"","header-below-stick-meta":"","astra-migrate-meta-layouts":"default","ast-page-background-enabled":"default","ast-page-background-meta":{"desktop":{"background-color":"var(--ast-global-color-4)","background-image":"","background-repeat":"repeat","background-position":"center center","background-size":"auto","background-attachment":"scroll","background-type":"","background-media":"","overlay-type":"","overlay-color":"","overlay-opacity":"","overlay-gradient":""},"tablet":{"background-color":"","background-image":"","background-repeat":"repeat","background-position":"center center","background-size":"auto","background-attachment":"scroll","background-type":"","background-media":"","overlay-type":"","overlay-color":"","overlay-opacity":"","overlay-gradient":""},"mobile":{"background-color":"","background-image":"","background-repeat":"repeat","background-position":"center center","background-size":"auto","background-attachment":"scroll","background-type":"","background-media":"","overlay-type":"","overlay-color":"","overlay-opacity":"","overlay-gradient":""}},"ast-content-background-meta":{"desktop":{"background-color":"var(--ast-global-color-5)","background-image":"","background-repeat":"repeat","background-position":"center center","background-size":"auto","background-attachment":"scroll","background-type":"","background-media":"","overlay-type":"","overlay-color":"","overlay-opacity":"","overlay-gradient":""},"tablet":{"background-color":"var(--ast-global-color-5)","background-image":"","background-repeat":"repeat","background-position":"center center","background-size":"auto","background-attachment":"scroll","background-type":"","background-media":"","overlay-type":"","overlay-color":"","overlay-opacity":"","overlay-gradient":""},"mobile":{"background-color":"var(--ast-global-color-5)","background-image":"","background-repeat":"repeat","background-position":"center center","background-size":"auto","background-attachment":"scroll","background-type":"","background-media":"","overlay-type":"","overlay-color":"","overlay-opacity":"","overlay-gradient":""}},"footnotes":""},"categories":[1],"tags":[],"class_list":["post-2851","post","type-post","status-publish","format-standard","has-post-thumbnail","hentry","category-sin-categoria"],"yoast_head":"<!-- This site is optimized with the Yoast SEO plugin v26.6 - https:\/\/yoast.com\/wordpress\/plugins\/seo\/ -->\n<title>Apertura de inscripciones 2023 - Prueba Vitoria GRAN FONDO 2025<\/title>\n<meta name=\"description\" content=\"Inscripciones abiertas para el evento de ciclismo Prueba Cicloturista Vitoria 2023. Uno de los eventos del a\u00f1o en \u00c1lava y Euskadi.\" \/>\n<meta name=\"robots\" content=\"index, follow, max-snippet:-1, max-image-preview:large, max-video-preview:-1\" \/>\n<link rel=\"canonical\" href=\"https:\/\/pruebavitoria.es\/es\/2023\/01\/05\/apertura-de-inscripciones-2023\/\" \/>\n<meta property=\"og:locale\" content=\"es_ES\" \/>\n<meta property=\"og:type\" content=\"article\" \/>\n<meta property=\"og:title\" content=\"Apertura de inscripciones 2023 - Prueba Vitoria GRAN FONDO 2025\" \/>\n<meta property=\"og:description\" content=\"Inscripciones abiertas para el evento de ciclismo Prueba Cicloturista Vitoria 2023. Uno de los eventos del a\u00f1o en \u00c1lava y Euskadi.\" \/>\n<meta property=\"og:url\" content=\"https:\/\/pruebavitoria.es\/es\/2023\/01\/05\/apertura-de-inscripciones-2023\/\" \/>\n<meta property=\"og:site_name\" content=\"Prueba Vitoria GRAN FONDO 2025\" \/>\n<meta property=\"article:publisher\" content=\"https:\/\/www.facebook.com\/pruebaciclistavitoria\/?_rdr\" \/>\n<meta property=\"article:published_time\" content=\"2023-01-05T12:57:51+00:00\" \/>\n<meta property=\"article:modified_time\" content=\"2023-01-05T13:20:58+00:00\" \/>\n<meta property=\"og:image\" content=\"https:\/\/pruebavitoria.es\/wp-content\/uploads\/2023\/01\/FotoPerfil-1024x1024.png\" \/>\n\t<meta property=\"og:image:width\" content=\"1024\" \/>\n\t<meta property=\"og:image:height\" content=\"1024\" \/>\n\t<meta property=\"og:image:type\" content=\"image\/png\" \/>\n<meta name=\"author\" content=\"vitoria\" \/>\n<meta name=\"twitter:card\" content=\"summary_large_image\" \/>\n<meta name=\"twitter:label1\" content=\"Escrito por\" \/>\n\t<meta name=\"twitter:data1\" content=\"vitoria\" \/>\n\t<meta name=\"twitter:label2\" content=\"Tiempo de lectura\" \/>\n\t<meta name=\"twitter:data2\" content=\"3 minutos\" \/>\n<script type=\"application\/ld+json\" class=\"yoast-schema-graph\">{\"@context\":\"https:\/\/schema.org\",\"@graph\":[{\"@type\":\"Article\",\"@id\":\"https:\/\/pruebavitoria.es\/2023\/01\/05\/apertura-de-inscripciones-2023\/#article\",\"isPartOf\":{\"@id\":\"https:\/\/pruebavitoria.es\/2023\/01\/05\/apertura-de-inscripciones-2023\/\"},\"author\":{\"name\":\"vitoria\",\"@id\":\"https:\/\/pruebavitoria.es\/#\/schema\/person\/a520031cf45ebb69c7b4af71f46dbc5f\"},\"headline\":\"Apertura de inscripciones 2023\",\"datePublished\":\"2023-01-05T12:57:51+00:00\",\"dateModified\":\"2023-01-05T13:20:58+00:00\",\"mainEntityOfPage\":{\"@id\":\"https:\/\/pruebavitoria.es\/2023\/01\/05\/apertura-de-inscripciones-2023\/\"},\"wordCount\":530,\"publisher\":{\"@id\":\"https:\/\/pruebavitoria.es\/#organization\"},\"image\":{\"@id\":\"https:\/\/pruebavitoria.es\/2023\/01\/05\/apertura-de-inscripciones-2023\/#primaryimage\"},\"thumbnailUrl\":\"https:\/\/pruebavitoria.es\/wp-content\/uploads\/2023\/01\/FotoPerfil.png\",\"inLanguage\":\"es\"},{\"@type\":\"WebPage\",\"@id\":\"https:\/\/pruebavitoria.es\/2023\/01\/05\/apertura-de-inscripciones-2023\/\",\"url\":\"https:\/\/pruebavitoria.es\/2023\/01\/05\/apertura-de-inscripciones-2023\/\",\"name\":\"Apertura de inscripciones 2023 - Prueba Vitoria GRAN FONDO 2025\",\"isPartOf\":{\"@id\":\"https:\/\/pruebavitoria.es\/#website\"},\"primaryImageOfPage\":{\"@id\":\"https:\/\/pruebavitoria.es\/2023\/01\/05\/apertura-de-inscripciones-2023\/#primaryimage\"},\"image\":{\"@id\":\"https:\/\/pruebavitoria.es\/2023\/01\/05\/apertura-de-inscripciones-2023\/#primaryimage\"},\"thumbnailUrl\":\"https:\/\/pruebavitoria.es\/wp-content\/uploads\/2023\/01\/FotoPerfil.png\",\"datePublished\":\"2023-01-05T12:57:51+00:00\",\"dateModified\":\"2023-01-05T13:20:58+00:00\",\"description\":\"Inscripciones abiertas para el evento de ciclismo Prueba Cicloturista Vitoria 2023. Uno de los eventos del a\u00f1o en \u00c1lava y Euskadi.\",\"breadcrumb\":{\"@id\":\"https:\/\/pruebavitoria.es\/2023\/01\/05\/apertura-de-inscripciones-2023\/#breadcrumb\"},\"inLanguage\":\"es\",\"potentialAction\":[{\"@type\":\"ReadAction\",\"target\":[\"https:\/\/pruebavitoria.es\/2023\/01\/05\/apertura-de-inscripciones-2023\/\"]}]},{\"@type\":\"ImageObject\",\"inLanguage\":\"es\",\"@id\":\"https:\/\/pruebavitoria.es\/2023\/01\/05\/apertura-de-inscripciones-2023\/#primaryimage\",\"url\":\"https:\/\/pruebavitoria.es\/wp-content\/uploads\/2023\/01\/FotoPerfil.png\",\"contentUrl\":\"https:\/\/pruebavitoria.es\/wp-content\/uploads\/2023\/01\/FotoPerfil.png\",\"width\":2000,\"height\":2000},{\"@type\":\"BreadcrumbList\",\"@id\":\"https:\/\/pruebavitoria.es\/2023\/01\/05\/apertura-de-inscripciones-2023\/#breadcrumb\",\"itemListElement\":[{\"@type\":\"ListItem\",\"position\":1,\"name\":\"Portada\",\"item\":\"https:\/\/pruebavitoria.es\/\"},{\"@type\":\"ListItem\",\"position\":2,\"name\":\"Apertura de inscripciones 2023\"}]},{\"@type\":\"WebSite\",\"@id\":\"https:\/\/pruebavitoria.es\/#website\",\"url\":\"https:\/\/pruebavitoria.es\/\",\"name\":\"PRUEBA VITORIA GRAN FONDO\",\"description\":\"21 Junio 2025\",\"publisher\":{\"@id\":\"https:\/\/pruebavitoria.es\/#organization\"},\"potentialAction\":[{\"@type\":\"SearchAction\",\"target\":{\"@type\":\"EntryPoint\",\"urlTemplate\":\"https:\/\/pruebavitoria.es\/?s={search_term_string}\"},\"query-input\":{\"@type\":\"PropertyValueSpecification\",\"valueRequired\":true,\"valueName\":\"search_term_string\"}}],\"inLanguage\":\"es\"},{\"@type\":\"Organization\",\"@id\":\"https:\/\/pruebavitoria.es\/#organization\",\"name\":\"PRUEBA VITORIA GRAN FONDO\",\"url\":\"https:\/\/pruebavitoria.es\/\",\"logo\":{\"@type\":\"ImageObject\",\"inLanguage\":\"es\",\"@id\":\"https:\/\/pruebavitoria.es\/#\/schema\/logo\/image\/\",\"url\":\"https:\/\/pruebavitoria.es\/wp-content\/uploads\/2022\/01\/cropped-cropped-LOGO-GRAN-FONDO-9.png\",\"contentUrl\":\"https:\/\/pruebavitoria.es\/wp-content\/uploads\/2022\/01\/cropped-cropped-LOGO-GRAN-FONDO-9.png\",\"width\":512,\"height\":512,\"caption\":\"PRUEBA VITORIA GRAN FONDO\"},\"image\":{\"@id\":\"https:\/\/pruebavitoria.es\/#\/schema\/logo\/image\/\"},\"sameAs\":[\"https:\/\/www.facebook.com\/pruebaciclistavitoria\/?_rdr\",\"https:\/\/www.instagram.com\/pruebaciclistavitoria\/?hl=es\"]},{\"@type\":\"Person\",\"@id\":\"https:\/\/pruebavitoria.es\/#\/schema\/person\/a520031cf45ebb69c7b4af71f46dbc5f\",\"name\":\"vitoria\",\"image\":{\"@type\":\"ImageObject\",\"inLanguage\":\"es\",\"@id\":\"https:\/\/pruebavitoria.es\/#\/schema\/person\/image\/\",\"url\":\"https:\/\/secure.gravatar.com\/avatar\/d8182c164753d9f3762b194b27a9ed7a7a0981ff375795d0a06f19249086055a?s=96&d=mm&r=g\",\"contentUrl\":\"https:\/\/secure.gravatar.com\/avatar\/d8182c164753d9f3762b194b27a9ed7a7a0981ff375795d0a06f19249086055a?s=96&d=mm&r=g\",\"caption\":\"vitoria\"},\"sameAs\":[\"http:\/\/new.pruebavitoria.es\"],\"url\":\"https:\/\/pruebavitoria.es\/es\/author\/vitoria\/\"}]}<\/script>\n<!-- \/ Yoast SEO plugin. -->","yoast_head_json":{"title":"Apertura de inscripciones 2023 - Prueba Vitoria GRAN FONDO 2025","description":"Inscripciones abiertas para el evento de ciclismo Prueba Cicloturista Vitoria 2023. Uno de los eventos del a\u00f1o en \u00c1lava y Euskadi.","robots":{"index":"index","follow":"follow","max-snippet":"max-snippet:-1","max-image-preview":"max-image-preview:large","max-video-preview":"max-video-preview:-1"},"canonical":"https:\/\/pruebavitoria.es\/es\/2023\/01\/05\/apertura-de-inscripciones-2023\/","og_locale":"es_ES","og_type":"article","og_title":"Apertura de inscripciones 2023 - Prueba Vitoria GRAN FONDO 2025","og_description":"Inscripciones abiertas para el evento de ciclismo Prueba Cicloturista Vitoria 2023. Uno de los eventos del a\u00f1o en \u00c1lava y Euskadi.","og_url":"https:\/\/pruebavitoria.es\/es\/2023\/01\/05\/apertura-de-inscripciones-2023\/","og_site_name":"Prueba Vitoria GRAN FONDO 2025","article_publisher":"https:\/\/www.facebook.com\/pruebaciclistavitoria\/?_rdr","article_published_time":"2023-01-05T12:57:51+00:00","article_modified_time":"2023-01-05T13:20:58+00:00","og_image":[{"width":1024,"height":1024,"url":"https:\/\/pruebavitoria.es\/wp-content\/uploads\/2023\/01\/FotoPerfil-1024x1024.png","type":"image\/png"}],"author":"vitoria","twitter_card":"summary_large_image","twitter_misc":{"Escrito por":"vitoria","Tiempo de lectura":"3 minutos"},"schema":{"@context":"https:\/\/schema.org","@graph":[{"@type":"Article","@id":"https:\/\/pruebavitoria.es\/2023\/01\/05\/apertura-de-inscripciones-2023\/#article","isPartOf":{"@id":"https:\/\/pruebavitoria.es\/2023\/01\/05\/apertura-de-inscripciones-2023\/"},"author":{"name":"vitoria","@id":"https:\/\/pruebavitoria.es\/#\/schema\/person\/a520031cf45ebb69c7b4af71f46dbc5f"},"headline":"Apertura de inscripciones 2023","datePublished":"2023-01-05T12:57:51+00:00","dateModified":"2023-01-05T13:20:58+00:00","mainEntityOfPage":{"@id":"https:\/\/pruebavitoria.es\/2023\/01\/05\/apertura-de-inscripciones-2023\/"},"wordCount":530,"publisher":{"@id":"https:\/\/pruebavitoria.es\/#organization"},"image":{"@id":"https:\/\/pruebavitoria.es\/2023\/01\/05\/apertura-de-inscripciones-2023\/#primaryimage"},"thumbnailUrl":"https:\/\/pruebavitoria.es\/wp-content\/uploads\/2023\/01\/FotoPerfil.png","inLanguage":"es"},{"@type":"WebPage","@id":"https:\/\/pruebavitoria.es\/2023\/01\/05\/apertura-de-inscripciones-2023\/","url":"https:\/\/pruebavitoria.es\/2023\/01\/05\/apertura-de-inscripciones-2023\/","name":"Apertura de inscripciones 2023 - Prueba Vitoria GRAN FONDO 2025","isPartOf":{"@id":"https:\/\/pruebavitoria.es\/#website"},"primaryImageOfPage":{"@id":"https:\/\/pruebavitoria.es\/2023\/01\/05\/apertura-de-inscripciones-2023\/#primaryimage"},"image":{"@id":"https:\/\/pruebavitoria.es\/2023\/01\/05\/apertura-de-inscripciones-2023\/#primaryimage"},"thumbnailUrl":"https:\/\/pruebavitoria.es\/wp-content\/uploads\/2023\/01\/FotoPerfil.png","datePublished":"2023-01-05T12:57:51+00:00","dateModified":"2023-01-05T13:20:58+00:00","description":"Inscripciones abiertas para el evento de ciclismo Prueba Cicloturista Vitoria 2023. Uno de los eventos del a\u00f1o en \u00c1lava y Euskadi.","breadcrumb":{"@id":"https:\/\/pruebavitoria.es\/2023\/01\/05\/apertura-de-inscripciones-2023\/#breadcrumb"},"inLanguage":"es","potentialAction":[{"@type":"ReadAction","target":["https:\/\/pruebavitoria.es\/2023\/01\/05\/apertura-de-inscripciones-2023\/"]}]},{"@type":"ImageObject","inLanguage":"es","@id":"https:\/\/pruebavitoria.es\/2023\/01\/05\/apertura-de-inscripciones-2023\/#primaryimage","url":"https:\/\/pruebavitoria.es\/wp-content\/uploads\/2023\/01\/FotoPerfil.png","contentUrl":"https:\/\/pruebavitoria.es\/wp-content\/uploads\/2023\/01\/FotoPerfil.png","width":2000,"height":2000},{"@type":"BreadcrumbList","@id":"https:\/\/pruebavitoria.es\/2023\/01\/05\/apertura-de-inscripciones-2023\/#breadcrumb","itemListElement":[{"@type":"ListItem","position":1,"name":"Portada","item":"https:\/\/pruebavitoria.es\/"},{"@type":"ListItem","position":2,"name":"Apertura de inscripciones 2023"}]},{"@type":"WebSite","@id":"https:\/\/pruebavitoria.es\/#website","url":"https:\/\/pruebavitoria.es\/","name":"PRUEBA VITORIA GRAN FONDO","description":"21 Junio 2025","publisher":{"@id":"https:\/\/pruebavitoria.es\/#organization"},"potentialAction":[{"@type":"SearchAction","target":{"@type":"EntryPoint","urlTemplate":"https:\/\/pruebavitoria.es\/?s={search_term_string}"},"query-input":{"@type":"PropertyValueSpecification","valueRequired":true,"valueName":"search_term_string"}}],"inLanguage":"es"},{"@type":"Organization","@id":"https:\/\/pruebavitoria.es\/#organization","name":"PRUEBA VITORIA GRAN FONDO","url":"https:\/\/pruebavitoria.es\/","logo":{"@type":"ImageObject","inLanguage":"es","@id":"https:\/\/pruebavitoria.es\/#\/schema\/logo\/image\/","url":"https:\/\/pruebavitoria.es\/wp-content\/uploads\/2022\/01\/cropped-cropped-LOGO-GRAN-FONDO-9.png","contentUrl":"https:\/\/pruebavitoria.es\/wp-content\/uploads\/2022\/01\/cropped-cropped-LOGO-GRAN-FONDO-9.png","width":512,"height":512,"caption":"PRUEBA VITORIA GRAN FONDO"},"image":{"@id":"https:\/\/pruebavitoria.es\/#\/schema\/logo\/image\/"},"sameAs":["https:\/\/www.facebook.com\/pruebaciclistavitoria\/?_rdr","https:\/\/www.instagram.com\/pruebaciclistavitoria\/?hl=es"]},{"@type":"Person","@id":"https:\/\/pruebavitoria.es\/#\/schema\/person\/a520031cf45ebb69c7b4af71f46dbc5f","name":"vitoria","image":{"@type":"ImageObject","inLanguage":"es","@id":"https:\/\/pruebavitoria.es\/#\/schema\/person\/image\/","url":"https:\/\/secure.gravatar.com\/avatar\/d8182c164753d9f3762b194b27a9ed7a7a0981ff375795d0a06f19249086055a?s=96&d=mm&r=g","contentUrl":"https:\/\/secure.gravatar.com\/avatar\/d8182c164753d9f3762b194b27a9ed7a7a0981ff375795d0a06f19249086055a?s=96&d=mm&r=g","caption":"vitoria"},"sameAs":["http:\/\/new.pruebavitoria.es"],"url":"https:\/\/pruebavitoria.es\/es\/author\/vitoria\/"}]}},"_links":{"self":[{"href":"https:\/\/pruebavitoria.es\/es\/wp-json\/wp\/v2\/posts\/2851","targetHints":{"allow":["GET"]}}],"collection":[{"href":"https:\/\/pruebavitoria.es\/es\/wp-json\/wp\/v2\/posts"}],"about":[{"href":"https:\/\/pruebavitoria.es\/es\/wp-json\/wp\/v2\/types\/post"}],"author":[{"embeddable":true,"href":"https:\/\/pruebavitoria.es\/es\/wp-json\/wp\/v2\/users\/1"}],"replies":[{"embeddable":true,"href":"https:\/\/pruebavitoria.es\/es\/wp-json\/wp\/v2\/comments?post=2851"}],"version-history":[{"count":0,"href":"https:\/\/pruebavitoria.es\/es\/wp-json\/wp\/v2\/posts\/2851\/revisions"}],"wp:featuredmedia":[{"embeddable":true,"href":"https:\/\/pruebavitoria.es\/es\/wp-json\/wp\/v2\/media\/2854"}],"wp:attachment":[{"href":"https:\/\/pruebavitoria.es\/es\/wp-json\/wp\/v2\/media?parent=2851"}],"wp:term":[{"taxonomy":"category","embeddable":true,"href":"https:\/\/pruebavitoria.es\/es\/wp-json\/wp\/v2\/categories?post=2851"},{"taxonomy":"post_tag","embeddable":true,"href":"https:\/\/pruebavitoria.es\/es\/wp-json\/wp\/v2\/tags?post=2851"}],"curies":[{"name":"wp","href":"https:\/\/api.w.org\/{rel}","templated":true}]}}